{"id":63060,"date":"2025-01-26T14:17:46","date_gmt":"2025-01-26T20:17:46","guid":{"rendered":"https:\/\/encuentroinformativo.com.mx\/?p=63060"},"modified":"2025-01-26T14:17:46","modified_gmt":"2025-01-26T20:17:46","slug":"la-fuerza-politica-en-medellin-es-de-morena-afirma-delegada","status":"publish","type":"post","link":"https:\/\/encuentroinformativo.com.mx\/?p=63060","title":{"rendered":"La fuerza pol\u00edtica en Medell\u00edn es de Morena, afirma Delegada\u00a0"},"content":{"rendered":"<p><strong style=\"font-size: 1rem;\">Alejandro \u00c1vila<\/strong><\/p>\n<p>Medell\u00edn de Bravo, Ver.- La Delegada Distrital de Morena, Marisol C\u00f3rdova Cruz, asegur\u00f3 que la fuerza pol\u00edtica m\u00e1s importante en el municipio de Medell\u00edn de Bravo es la de Morena, por lo cual exigen el abanderado en las pr\u00f3ximas elecciones para la alcald\u00eda sea del partido guinda.<\/p>\n<p>La militante morenista record\u00f3 que en la pasada elecci\u00f3n municipal el partido guinda aport\u00f3 8 mil votos con lo cual se logr\u00f3 el triunfo, ya que el partido Verde, a quien hoy le pretenden dar la candidatura para la presidencia municipal solo dio 3 mil sufragios.<\/p>\n<p>&#8220;No quieren al Verde, haciendo cuentas el Verde pretende ganar con 3 mil votos que fue los que meti\u00f3 cuando la municipal, estamos hablando de la municipal, meti\u00f3 3 mil votos y Morena meti\u00f3 8 mil votos, nosotros estamos arriba y vamos a irnos por votos, porque ahorita desgraciadamente nos fall\u00f3 el que qued\u00f3 por Morena, porque aqu\u00ed es Morena y el que gan\u00f3 nada m\u00e1s utiliz\u00f3 al movimiento, est\u00e1 trabajando ahorita pero como Verde, porque es lo que es, aqu\u00ed queremos recuperar Morena lo que es Medell\u00edn, queremos recuperar la porquer\u00eda que est\u00e1 dejando \u00e9l, porque a \u00e9l le vale, a \u00e9l no le cost\u00f3 el movimiento, entonces tiene que ser una persona que traiga los principios bien puestos, porque \u00e9l nos ha traicionado, nos ha robado con tanto da\u00f1o patrimonial y nos ha mentido, m\u00e1s que nada esa es la molestia del pueblo de Medell\u00edn&#8221;, asest\u00f3.<\/p>\n<p>La delegada distrital dijo que hace unas semanas pudo platicar con Jos\u00e9 Ram\u00f3n L\u00f3pez Beltr\u00e1n y Luisa Mar\u00eda Alcalde Luj\u00e1n, secretario de organizaci\u00f3n y presidenta nacional de Morena, respectivamente, y les expres\u00f3 la necesidad de continuar con el Segundo piso de la Cuarta Transformaci\u00f3n en Veracruz, pero sobre todo en Medell\u00edn de Bravo.<\/p>\n<p>&#8220;Te puedo decir que ahorita aqu\u00ed gana el guinda, ya lo refrendamos, que nosotros si va la cabeza Morena, Morena gana aqu\u00ed en Medell\u00edn&#8221;, culmin\u00f3.<\/p>\n","protected":false},"excerpt":{"rendered":"<p>Alejandro \u00c1vila Medell\u00edn de Bravo, Ver.- La Delegada Distrital de Morena, Marisol C\u00f3rdova Cruz, asegur\u00f3 que la fuerza pol\u00edtica m\u00e1s importante en el municipio de Medell\u00edn de Bravo es la de Morena, por lo cual exigen el abanderado en las pr\u00f3ximas elecciones para la alcald\u00eda sea del partido guinda. La militante morenista record\u00f3 que en [&hellip;]<\/p>\n","protected":false},"author":2476,"featured_media":63061,"comment_status":"open","ping_status":"open","sticky":false,"template":"","format":"standard","meta":{"_jetpack_memberships_contains_paid_content":false,"footnotes":""},"categories":[2],"tags":[],"class_list":["post-63060","post","type-post","status-publish","format-standard","has-post-thumbnail","hentry","category-estado"],"jetpack_featured_media_url":"https:\/\/encuentroinformativo.com.mx\/wp-content\/uploads\/2025\/01\/IMG-20250126-WA00562.jpg","jetpack_sharing_enabled":true,"jetpack_likes_enabled":true,"amp_enabled":true,"_links":{"self":[{"href":"https:\/\/encuentroinformativo.com.mx\/index.php?rest_route=\/wp\/v2\/posts\/63060","targetHints":{"allow":["GET"]}}],"collection":[{"href":"https:\/\/encuentroinformativo.com.mx\/index.php?rest_route=\/wp\/v2\/posts"}],"about":[{"href":"https:\/\/encuentroinformativo.com.mx\/index.php?rest_route=\/wp\/v2\/types\/post"}],"author":[{"embeddable":true,"href":"https:\/\/encuentroinformativo.com.mx\/index.php?rest_route=\/wp\/v2\/users\/2476"}],"replies":[{"embeddable":true,"href":"https:\/\/encuentroinformativo.com.mx\/index.php?rest_route=%2Fwp%2Fv2%2Fcomments&post=63060"}],"version-history":[{"count":1,"href":"https:\/\/encuentroinformativo.com.mx\/index.php?rest_route=\/wp\/v2\/posts\/63060\/revisions"}],"predecessor-version":[{"id":63062,"href":"https:\/\/encuentroinformativo.com.mx\/index.php?rest_route=\/wp\/v2\/posts\/63060\/revisions\/63062"}],"wp:featuredmedia":[{"embeddable":true,"href":"https:\/\/encuentroinformativo.com.mx\/index.php?rest_route=\/wp\/v2\/media\/63061"}],"wp:attachment":[{"href":"https:\/\/encuentroinformativo.com.mx\/index.php?rest_route=%2Fwp%2Fv2%2Fmedia&parent=63060"}],"wp:term":[{"taxonomy":"category","embeddable":true,"href":"https:\/\/encuentroinformativo.com.mx\/index.php?rest_route=%2Fwp%2Fv2%2Fcategories&post=63060"},{"taxonomy":"post_tag","embeddable":true,"href":"https:\/\/encuentroinformativo.com.mx\/index.php?rest_route=%2Fwp%2Fv2%2Ftags&post=63060"}],"curies":[{"name":"wp","href":"https:\/\/api.w.org\/{rel}","templated":true}]}}