{"id":63068,"date":"2025-01-27T10:19:33","date_gmt":"2025-01-27T16:19:33","guid":{"rendered":"https:\/\/encuentroinformativo.com.mx\/?p=63068"},"modified":"2025-01-27T10:19:33","modified_gmt":"2025-01-27T16:19:33","slug":"familiares-de-joshajani-y-oswaldo-se-manifiestan-de-nuevo-insisten-en-acelerar-investigacion","status":"publish","type":"post","link":"https:\/\/encuentroinformativo.com.mx\/?p=63068","title":{"rendered":"Familiares de Joshajani y Oswaldo se manifiestan de nuevo, insisten en acelerar investigaci\u00f3n"},"content":{"rendered":"<p><strong style=\"font-size: 1rem;\">Dar\u00edo Pale<\/strong><\/p>\n<p>Xalapa, Ver.- Familiares y amigos de los j\u00f3venes Joshajani de Rub\u00ed Luna Mart\u00ednez y Oswaldo Ram\u00edrez Mendieta, desaparecidos en la ciudad de Veracruz el pasado 19 de enero, se manifestaron esta ma\u00f1ana para pedir nuevamente a la Fiscal\u00eda General del Estado, agilicen el caso y les den mayores respuestas.<\/p>\n<p>Entrevistada durante la manifestaci\u00f3n, Eloisa Mart\u00ednez G\u00f3mez, madre de Jhosajani, mencion\u00f3 que desde el pasado mi\u00e9rcoles que cerraron calles del centro de Xalapa y pidieron celeridad del caso, la Fiscal\u00eda solo les ha informado sobre un cateo realizado en oficinas del IPAX en Boca del R\u00edo y un video del lugar donde los j\u00f3venes desayunaron.<\/p>\n<p>Y es que consider\u00f3 que debe haber mayor seguimiento e informaci\u00f3n, pues incluso la familia est\u00e1 pegando lonas y volantes y adem\u00e1s ha acudido a la ciudad de Veracruz para buscar a los j\u00f3venes<\/p>\n<p>&#8220;Que nos den m\u00e1s respuestas, queremos otras c\u00e1maras, que agilicen el caso porque es mucha angustia. Hay m\u00e1s personas desaparecidas lo entendemos pero es un caso que no vamos a ceder y que nos den respuesta, que nos digan d\u00f3nde est\u00e1n\u201d, se\u00f1al\u00f3.<\/p>\n<p>\u201cNos mostraron fotos del desayuno pero hay muchas c\u00e1maras, ya debe haber respuesta porque ellos tienen acceso a m\u00e1s c\u00e1maras&#8221;, agreg\u00f3.<\/p>\n<p>Comentaron que ella ten\u00eda un novio lo conocieron ya que fue en dos ocasiones a su casa pero tiene como un mes que hab\u00eda terminado con su novio, pero hasta el momento no saben nada de \u00e9l y ni siquiera saben d\u00f3nde est\u00e1, y quisieran saber que ha pasado con \u00e9l y que se acercara, por lo que est\u00e1n pensando en ir a buscarlo a su casa y preguntarle que fue lo ultimo que habl\u00f3 con su hija.<\/p>\n<p>\u201cExigirle que si \u00e9l sabe algo o alguna otra pista que les pueda dar, osea al final ellos tambi\u00e9n trabajaban juntos y el se sali\u00f3 del trabajo antes que su hija y hasta ahorita no han sabido nada del muchacho\u201d, coment\u00f3.<\/p>\n<p>Finalmente coment\u00f3 que ante ello, continuar\u00e1n cerrando calles y no parar\u00e1n hasta que les den m\u00e1s respuestas.<\/p>\n<p><img loading=\"lazy\" decoding=\"async\" class=\"alignnone size-medium wp-image-63070\" src=\"https:\/\/encuentroinformativo.com.mx\/wp-content\/uploads\/2025\/01\/IMG-20250127-WA0031-300x169.jpg\" alt=\"\" width=\"300\" height=\"169\" srcset=\"https:\/\/encuentroinformativo.com.mx\/wp-content\/uploads\/2025\/01\/IMG-20250127-WA0031-300x169.jpg 300w, https:\/\/encuentroinformativo.com.mx\/wp-content\/uploads\/2025\/01\/IMG-20250127-WA0031-1024x577.jpg 1024w, https:\/\/encuentroinformativo.com.mx\/wp-content\/uploads\/2025\/01\/IMG-20250127-WA0031-768x433.jpg 768w, https:\/\/encuentroinformativo.com.mx\/wp-content\/uploads\/2025\/01\/IMG-20250127-WA0031-1536x866.jpg 1536w, https:\/\/encuentroinformativo.com.mx\/wp-content\/uploads\/2025\/01\/IMG-20250127-WA0031.jpg 1600w\" sizes=\"auto, (max-width: 300px) 100vw, 300px\" \/><\/p>\n","protected":false},"excerpt":{"rendered":"<p>Dar\u00edo Pale Xalapa, Ver.- Familiares y amigos de los j\u00f3venes Joshajani de Rub\u00ed Luna Mart\u00ednez y Oswaldo Ram\u00edrez Mendieta, desaparecidos en la ciudad de Veracruz el pasado 19 de enero, se manifestaron esta ma\u00f1ana para pedir nuevamente a la Fiscal\u00eda General del Estado, agilicen el caso y les den mayores respuestas. Entrevistada durante la manifestaci\u00f3n, [&hellip;]<\/p>\n","protected":false},"author":2476,"featured_media":63069,"comment_status":"open","ping_status":"open","sticky":false,"template":"","format":"standard","meta":{"_jetpack_memberships_contains_paid_content":false,"footnotes":""},"categories":[3],"tags":[],"class_list":["post-63068","post","type-post","status-publish","format-standard","has-post-thumbnail","hentry","category-xalapa"],"jetpack_featured_media_url":"https:\/\/encuentroinformativo.com.mx\/wp-content\/uploads\/2025\/01\/IMG-20250127-WA0030.jpg","jetpack_sharing_enabled":true,"jetpack_likes_enabled":true,"amp_enabled":true,"_links":{"self":[{"href":"https:\/\/encuentroinformativo.com.mx\/index.php?rest_route=\/wp\/v2\/posts\/63068","targetHints":{"allow":["GET"]}}],"collection":[{"href":"https:\/\/encuentroinformativo.com.mx\/index.php?rest_route=\/wp\/v2\/posts"}],"about":[{"href":"https:\/\/encuentroinformativo.com.mx\/index.php?rest_route=\/wp\/v2\/types\/post"}],"author":[{"embeddable":true,"href":"https:\/\/encuentroinformativo.com.mx\/index.php?rest_route=\/wp\/v2\/users\/2476"}],"replies":[{"embeddable":true,"href":"https:\/\/encuentroinformativo.com.mx\/index.php?rest_route=%2Fwp%2Fv2%2Fcomments&post=63068"}],"version-history":[{"count":1,"href":"https:\/\/encuentroinformativo.com.mx\/index.php?rest_route=\/wp\/v2\/posts\/63068\/revisions"}],"predecessor-version":[{"id":63071,"href":"https:\/\/encuentroinformativo.com.mx\/index.php?rest_route=\/wp\/v2\/posts\/63068\/revisions\/63071"}],"wp:featuredmedia":[{"embeddable":true,"href":"https:\/\/encuentroinformativo.com.mx\/index.php?rest_route=\/wp\/v2\/media\/63069"}],"wp:attachment":[{"href":"https:\/\/encuentroinformativo.com.mx\/index.php?rest_route=%2Fwp%2Fv2%2Fmedia&parent=63068"}],"wp:term":[{"taxonomy":"category","embeddable":true,"href":"https:\/\/encuentroinformativo.com.mx\/index.php?rest_route=%2Fwp%2Fv2%2Fcategories&post=63068"},{"taxonomy":"post_tag","embeddable":true,"href":"https:\/\/encuentroinformativo.com.mx\/index.php?rest_route=%2Fwp%2Fv2%2Ftags&post=63068"}],"curies":[{"name":"wp","href":"https:\/\/api.w.org\/{rel}","templated":true}]}}