{"id":63073,"date":"2025-01-27T13:28:14","date_gmt":"2025-01-27T19:28:14","guid":{"rendered":"https:\/\/encuentroinformativo.com.mx\/?p=63073"},"modified":"2025-01-27T13:28:14","modified_gmt":"2025-01-27T19:28:14","slug":"dependencias-coordinan-acciones-para-atender-a-veracruzanos-deportados","status":"publish","type":"post","link":"https:\/\/encuentroinformativo.com.mx\/?p=63073","title":{"rendered":"Dependencias coordinan acciones para atender a veracruzanos deportados"},"content":{"rendered":"<p><strong style=\"font-size: 1rem;\">Dar\u00edo Pale<\/strong><\/p>\n<p>Xalapa, Ver.- Para atender a las familias deportadas de Estados Unidos, en Veracruz 17 dependencias pondr\u00e1n en marcha distintas acciones interinstitucionales, hasta este lunes, a una semana del inicio de las deportaciones de parte del presidente Donald Trump, ning\u00fan migrante ha solicitado el apoyo para regresar a esta entidad, as\u00ed lo inform\u00f3 el Director de Atenci\u00f3n a Migrantes de la Secretar\u00eda de Gobierno (SEGOB), Bertoldo Reyes Campuzano.<\/p>\n<p>En entrevista coment\u00f3 que hasta el momento, no se tienen registros de alg\u00fan caso de veracruzana o veracruzano en tal situaci\u00f3n, y es que el esquema se activar\u00e1 a partir de la solicitud previa para el acompa\u00f1amiento que solicite el ciudadano o ciudadana.<\/p>\n<p>&#8220;Los que han regresado no han pedido el acompa\u00f1amiento, lo han hecho de manera particular\u201d, se\u00f1al\u00f3.<\/p>\n<p>Sin embargo, insisti\u00f3 que la estrategia del gobierno de Roc\u00edo Nhale Garc\u00eda incluye a los municipios y la federaci\u00f3n para apoyar en los traslados a sus lugares de or\u00edgen y brindarles trabajo y educaci\u00f3n, entre otros apoyos, adem\u00e1s de la estrategia M\u00e9xico te Abraza implementada por la presidencia de la Rep\u00fablica para brindar apoyos econ\u00f3micos a trav\u00e9s de la Secretar\u00eda del Bienestar.<\/p>\n<p>Son 17 dependencias estatales las que de manera coordinada con los 212 ayuntamientos y el Gobierno Federal ofrecer\u00e1n apoyos a los migrantes que sean deportados a Veracruz por el Gobierno de Estados Unidos, explic\u00f3.<\/p>\n<p>&#8220;La SEV en cuanto a educaci\u00f3n, la Secretar\u00eda del trabajo en capacitaci\u00f3n y algunos empleos que tienen disponibles, Desarrollo Social. Son 17 dependencias en total, independientemente del Registro Civil que depende de la Secretar\u00eda de Gobierno, SIPINNA, Cultura para la Paz, son 17 dependencias del Estado&#8221; precis\u00f3.<\/p>\n<p>Detall\u00f3 que se estima que sean alrededor de 800 mil veracruzanos los que sean deportados de Estados Unidos, aunque no se conoce una cifra exacta.<\/p>\n<p>&#8220;Unos hablan de arriba de 700, unos hablan de 800. Yo creo que debe de andar cerca de los 800 mil veracruzanos en el extranjero, puede ser en Canad\u00e1 y otros pa\u00edses como Estados Unidos&#8221;.<\/p>\n<p>Bertoldo Reyes precis\u00f3 que ser\u00e1 el Instituto Nacional de Migraci\u00f3n quien canalice a los migrantes deportados que soliciten apoyo al Gobierno de M\u00e9xico para que regresen al estado v\u00eda terrestre y posteriormente sean apoyados por las dependencias estatales y los ayuntamientos seg\u00fan sea su necesidad.<\/p>\n<p>&#8220;Nos los entregan en Veracruz y ya de aqu\u00ed les damos seguimiento nosotros a trav\u00e9s de las dependencias del Estado y los municipios de donde sean originarios&#8221;.<\/p>\n<p>Independientemente de las dependencias de Gobierno del Estado; est\u00e1n organizados y esperando nada m\u00e1s una estrategia y una log\u00edstica entre varias dependencias tanto locales como federales con el af\u00e1n de darles la atenci\u00f3n integral.<\/p>\n<p>Finalmente coment\u00f3 que, \u201ctodos estaremos debidamente coordinados, all\u00e1 en la frontera est\u00e1 la autoridad federal, nosotros los atendemos desde el Instituto Nacional de Migraci\u00f3n los remite y solicitan el acompa\u00f1amiento asistido; los traslados ser\u00e1n por la v\u00eda terrestre\u201d.<\/p>\n","protected":false},"excerpt":{"rendered":"<p>Dar\u00edo Pale Xalapa, Ver.- Para atender a las familias deportadas de Estados Unidos, en Veracruz 17 dependencias pondr\u00e1n en marcha distintas acciones interinstitucionales, hasta este lunes, a una semana del inicio de las deportaciones de parte del presidente Donald Trump, ning\u00fan migrante ha solicitado el apoyo para regresar a esta entidad, as\u00ed lo inform\u00f3 el [&hellip;]<\/p>\n","protected":false},"author":2476,"featured_media":63074,"comment_status":"open","ping_status":"open","sticky":false,"template":"","format":"standard","meta":{"_jetpack_memberships_contains_paid_content":false,"footnotes":""},"categories":[2],"tags":[],"class_list":["post-63073","post","type-post","status-publish","format-standard","has-post-thumbnail","hentry","category-estado"],"jetpack_featured_media_url":"https:\/\/encuentroinformativo.com.mx\/wp-content\/uploads\/2025\/01\/IMG-20250127-WA0037.jpg","jetpack_sharing_enabled":true,"jetpack_likes_enabled":true,"amp_enabled":true,"_links":{"self":[{"href":"https:\/\/encuentroinformativo.com.mx\/index.php?rest_route=\/wp\/v2\/posts\/63073","targetHints":{"allow":["GET"]}}],"collection":[{"href":"https:\/\/encuentroinformativo.com.mx\/index.php?rest_route=\/wp\/v2\/posts"}],"about":[{"href":"https:\/\/encuentroinformativo.com.mx\/index.php?rest_route=\/wp\/v2\/types\/post"}],"author":[{"embeddable":true,"href":"https:\/\/encuentroinformativo.com.mx\/index.php?rest_route=\/wp\/v2\/users\/2476"}],"replies":[{"embeddable":true,"href":"https:\/\/encuentroinformativo.com.mx\/index.php?rest_route=%2Fwp%2Fv2%2Fcomments&post=63073"}],"version-history":[{"count":1,"href":"https:\/\/encuentroinformativo.com.mx\/index.php?rest_route=\/wp\/v2\/posts\/63073\/revisions"}],"predecessor-version":[{"id":63075,"href":"https:\/\/encuentroinformativo.com.mx\/index.php?rest_route=\/wp\/v2\/posts\/63073\/revisions\/63075"}],"wp:featuredmedia":[{"embeddable":true,"href":"https:\/\/encuentroinformativo.com.mx\/index.php?rest_route=\/wp\/v2\/media\/63074"}],"wp:attachment":[{"href":"https:\/\/encuentroinformativo.com.mx\/index.php?rest_route=%2Fwp%2Fv2%2Fmedia&parent=63073"}],"wp:term":[{"taxonomy":"category","embeddable":true,"href":"https:\/\/encuentroinformativo.com.mx\/index.php?rest_route=%2Fwp%2Fv2%2Fcategories&post=63073"},{"taxonomy":"post_tag","embeddable":true,"href":"https:\/\/encuentroinformativo.com.mx\/index.php?rest_route=%2Fwp%2Fv2%2Ftags&post=63073"}],"curies":[{"name":"wp","href":"https:\/\/api.w.org\/{rel}","templated":true}]}}