{"id":63080,"date":"2025-01-27T15:16:50","date_gmt":"2025-01-27T21:16:50","guid":{"rendered":"https:\/\/encuentroinformativo.com.mx\/?p=63080"},"modified":"2025-01-27T15:16:50","modified_gmt":"2025-01-27T21:16:50","slug":"jovenes-de-morena-se-pronuncian-a-favor-de-juan-vergel","status":"publish","type":"post","link":"https:\/\/encuentroinformativo.com.mx\/?p=63080","title":{"rendered":"J\u00f3venes de Morena se pronuncian a favor de Juan Vergel"},"content":{"rendered":"<p><strong><span style=\"font-size: 1rem;\">Dar\u00edo Pale<\/span><\/strong><\/p>\n<p>Xalapa, Ver.- Se pronuncian j\u00f3venes de Morena a favor de Juan Vergel para candidato en Xalapa, trabaja a favor de las nuevas generaciones, impuls\u00f3 la inclusi\u00f3n de todos los sectores en programas sociales, as\u00ed lo dio a conocer Elmer Juli\u00e1n Mart\u00ednez M\u00e1rquez, Enlace Distrital de Morena en Xalapa.<\/p>\n<p>En conferencia de prensa se\u00f1al\u00f3 que m\u00e1s de 300 comit\u00e9s de base del partido respaldan a Juan Vergel Pacheco para que sea el candidato de Morena a la alcald\u00eda de Xalapa.<\/p>\n<p>\u201cQuienes convocamos, traemos el sentir de m\u00e1s de 300 comit\u00e9s de base de toda la ciudad de Xalapa y sus congregaciones. Hemos analizado los perfiles de quienes aspiran a ser postulados por Morena a la Presidencia Municipal de Xalapa y el \u00fanico que ha demostrado a lo largo de su vida p\u00fablica un verdadero compromiso con el relevo generacional es Juan Vergel Pacheco&#8221;, coment\u00f3.<\/p>\n<p>Por eso, manifest\u00f3 que como j\u00f3venes resaltan la m\u00edstica de Juan Vergel, quien trabaja a favor de las nuevas generaciones.<\/p>\n<p>&#8220;Apenas hace unos meses, \u00e9l personalmente manten\u00eda comunicaci\u00f3n con toda la poblaci\u00f3n xalape\u00f1a, ya que como director de los Programas del Bienestar se encarg\u00f3 como servidor p\u00fablico de garantizar la inclusi\u00f3n de todos los sectores sociales, lo cual ha permitido mejorar la calidad de vida de mujeres, adultos mayores y j\u00f3venes, integrando m\u00e1s y mejor a las familias xalape\u00f1as&#8221;, se\u00f1al\u00f3.<\/p>\n<p>Asimismo, acot\u00f3 que Vergel Pacheco pugn\u00f3 por la construcci\u00f3n de los Bancos del Bienestar en Xalapa, que acercan los servicios financieros a colonias y congregaciones, como es el caso de las colonias El Moral y Constituyentes, o la congregaci\u00f3n de El Castillo.<\/p>\n<p>&#8220;Las y los xalape\u00f1os est\u00e1n con Juan Vergel y no dudamos que ganar\u00e1 la encuesta y ser\u00e1 el pr\u00f3ximo candidato de Morena a la Presidencia Municipal de Xalapa&#8221;, comentaron.<\/p>\n<p>En ese contexto, coment\u00f3 que para darle continuidad a la cuarta transformaci\u00f3n es necesario partir de que este es un movimiento social antes que<br \/>\nun movimiento partidista.<\/p>\n<p>&#8220;Se propone evitar a toda costa el fen\u00f3meno de desplazamiento de compa\u00f1eros con trayectoria de lucha social en las nuevas oportunidades de participaci\u00f3n partidista. Tambi\u00e9n se dijo en la \u00faltima Convenci\u00f3n Nacional de Morena que para seguir con un Proyecto de Transformaci\u00f3n, uno de los objetivos debe ser rescatar a los mejores perfiles del partido&#8221;, dijeron.<\/p>\n<p>&#8220;Asimismo, en la asamblea los convencionistas dijeron que la democracia que se propone para el pa\u00eds debe ser tambi\u00e9n una gu\u00eda para la vida interna de Morena. Se debe poner fin al dedazo y al amiguismo, de los que buscan cargos, no encargos. Que se brinde una mayor oportunidad de participaci\u00f3n a quienes venimos de la lucha&#8221;.<\/p>\n<p>Finalmente, dijo que est\u00e1n en la misma frecuencia de su m\u00e1xima dirigente Luisa Mar\u00eda Alcalde Luj\u00e1n, quien hace unos d\u00edas en una entrevista en cadena nacional, dijo que se elegir\u00e1n candidatos de Morena por el m\u00e9todo de encuesta.<\/p>\n","protected":false},"excerpt":{"rendered":"<p>Dar\u00edo Pale Xalapa, Ver.- Se pronuncian j\u00f3venes de Morena a favor de Juan Vergel para candidato en Xalapa, trabaja a favor de las nuevas generaciones, impuls\u00f3 la inclusi\u00f3n de todos los sectores en programas sociales, as\u00ed lo dio a conocer Elmer Juli\u00e1n Mart\u00ednez M\u00e1rquez, Enlace Distrital de Morena en Xalapa. En conferencia de prensa se\u00f1al\u00f3 [&hellip;]<\/p>\n","protected":false},"author":2476,"featured_media":63081,"comment_status":"open","ping_status":"open","sticky":false,"template":"","format":"standard","meta":{"_jetpack_memberships_contains_paid_content":false,"footnotes":""},"categories":[3],"tags":[],"class_list":["post-63080","post","type-post","status-publish","format-standard","has-post-thumbnail","hentry","category-xalapa"],"jetpack_featured_media_url":"https:\/\/encuentroinformativo.com.mx\/wp-content\/uploads\/2025\/01\/IMG-20250127-WA0112.jpg","jetpack_sharing_enabled":true,"jetpack_likes_enabled":true,"amp_enabled":true,"_links":{"self":[{"href":"https:\/\/encuentroinformativo.com.mx\/index.php?rest_route=\/wp\/v2\/posts\/63080","targetHints":{"allow":["GET"]}}],"collection":[{"href":"https:\/\/encuentroinformativo.com.mx\/index.php?rest_route=\/wp\/v2\/posts"}],"about":[{"href":"https:\/\/encuentroinformativo.com.mx\/index.php?rest_route=\/wp\/v2\/types\/post"}],"author":[{"embeddable":true,"href":"https:\/\/encuentroinformativo.com.mx\/index.php?rest_route=\/wp\/v2\/users\/2476"}],"replies":[{"embeddable":true,"href":"https:\/\/encuentroinformativo.com.mx\/index.php?rest_route=%2Fwp%2Fv2%2Fcomments&post=63080"}],"version-history":[{"count":1,"href":"https:\/\/encuentroinformativo.com.mx\/index.php?rest_route=\/wp\/v2\/posts\/63080\/revisions"}],"predecessor-version":[{"id":63082,"href":"https:\/\/encuentroinformativo.com.mx\/index.php?rest_route=\/wp\/v2\/posts\/63080\/revisions\/63082"}],"wp:featuredmedia":[{"embeddable":true,"href":"https:\/\/encuentroinformativo.com.mx\/index.php?rest_route=\/wp\/v2\/media\/63081"}],"wp:attachment":[{"href":"https:\/\/encuentroinformativo.com.mx\/index.php?rest_route=%2Fwp%2Fv2%2Fmedia&parent=63080"}],"wp:term":[{"taxonomy":"category","embeddable":true,"href":"https:\/\/encuentroinformativo.com.mx\/index.php?rest_route=%2Fwp%2Fv2%2Fcategories&post=63080"},{"taxonomy":"post_tag","embeddable":true,"href":"https:\/\/encuentroinformativo.com.mx\/index.php?rest_route=%2Fwp%2Fv2%2Ftags&post=63080"}],"curies":[{"name":"wp","href":"https:\/\/api.w.org\/{rel}","templated":true}]}}