{"id":63086,"date":"2025-01-27T15:33:24","date_gmt":"2025-01-27T21:33:24","guid":{"rendered":"https:\/\/encuentroinformativo.com.mx\/?p=63086"},"modified":"2025-01-27T15:33:24","modified_gmt":"2025-01-27T21:33:24","slug":"solicitan-tipificar-violencia-vicaria","status":"publish","type":"post","link":"https:\/\/encuentroinformativo.com.mx\/?p=63086","title":{"rendered":"Solicitan tipificar violencia vicaria"},"content":{"rendered":"<p><strong><span style=\"font-size: 1rem;\">Dar\u00edo Pale<\/span><\/strong><\/p>\n<p>Xalapa, Ver.- Primero las mujeres pero en Veracruz no se tipifica la violencia vicaria ya que ocupa el quinto lugar a nivel nacional en ese delito, as\u00ed lo dio a conocer la representante nacional de Violencia Vicaria en Veracruz, Teresa Auroze Herrera.<\/p>\n<p>En entrevista inform\u00f3 que Veracruz ocupa el quinto lugar nacional en violencia vicar\u00eda, de ah\u00ed que urge se apruebe esta ley.<\/p>\n<p>&#8220;El 7 por ciento de la poblaci\u00f3n enfrenta este tipo de delito, d\u00f3nde se dan denuncias falsas. Urge que se tipifique en Veracruz, porque tenemos ya dos alertas de g\u00e9nero&#8221;, se\u00f1al\u00f3.<\/p>\n<p>Inform\u00f3 que acudieron con un grupo de mujeres para estar presente en la sesi\u00f3n de este lunes en la lectura de la iniciativa de violencia vicar\u00eda.<\/p>\n<p>&#8220;La violencia vicar\u00eda afecta a las mujeres, principalmente y al ser violencia es muy amplia en ese sentido y pedimos que se tipifique aparte y con 6 a\u00f1os de pena corporal&#8221;, coment\u00f3.<\/p>\n<p>La violencia vicaria es una forma de violencia de g\u00e9nero por la cual los hijos e hijas de las mujeres v\u00edctimas de violencia de g\u00e9nero son instrumentalizados como objeto para maltratar y ocasionar dolor a sus madres.<\/p>\n<p>Finalmente se\u00f1al\u00f3 que es urgente que se tipifique en Veracruz ya que se tienen dos alertas de g\u00e9nero, y ya solicitaron la tercera, es una violencia de g\u00e9nero y el estado mexicano tiene la obligaci\u00f3n de llevar a cabo ya que en 28 estados ya est\u00e1 tipificada esta Ley.<\/p>\n","protected":false},"excerpt":{"rendered":"<p>Dar\u00edo Pale Xalapa, Ver.- Primero las mujeres pero en Veracruz no se tipifica la violencia vicaria ya que ocupa el quinto lugar a nivel nacional en ese delito, as\u00ed lo dio a conocer la representante nacional de Violencia Vicaria en Veracruz, Teresa Auroze Herrera. En entrevista inform\u00f3 que Veracruz ocupa el quinto lugar nacional en [&hellip;]<\/p>\n","protected":false},"author":2476,"featured_media":63087,"comment_status":"open","ping_status":"open","sticky":false,"template":"","format":"standard","meta":{"_jetpack_memberships_contains_paid_content":false,"footnotes":""},"categories":[3],"tags":[],"class_list":["post-63086","post","type-post","status-publish","format-standard","has-post-thumbnail","hentry","category-xalapa"],"jetpack_featured_media_url":"https:\/\/encuentroinformativo.com.mx\/wp-content\/uploads\/2025\/01\/IMG-20250127-WA0179.jpg","jetpack_sharing_enabled":true,"jetpack_likes_enabled":true,"amp_enabled":true,"_links":{"self":[{"href":"https:\/\/encuentroinformativo.com.mx\/index.php?rest_route=\/wp\/v2\/posts\/63086","targetHints":{"allow":["GET"]}}],"collection":[{"href":"https:\/\/encuentroinformativo.com.mx\/index.php?rest_route=\/wp\/v2\/posts"}],"about":[{"href":"https:\/\/encuentroinformativo.com.mx\/index.php?rest_route=\/wp\/v2\/types\/post"}],"author":[{"embeddable":true,"href":"https:\/\/encuentroinformativo.com.mx\/index.php?rest_route=\/wp\/v2\/users\/2476"}],"replies":[{"embeddable":true,"href":"https:\/\/encuentroinformativo.com.mx\/index.php?rest_route=%2Fwp%2Fv2%2Fcomments&post=63086"}],"version-history":[{"count":1,"href":"https:\/\/encuentroinformativo.com.mx\/index.php?rest_route=\/wp\/v2\/posts\/63086\/revisions"}],"predecessor-version":[{"id":63088,"href":"https:\/\/encuentroinformativo.com.mx\/index.php?rest_route=\/wp\/v2\/posts\/63086\/revisions\/63088"}],"wp:featuredmedia":[{"embeddable":true,"href":"https:\/\/encuentroinformativo.com.mx\/index.php?rest_route=\/wp\/v2\/media\/63087"}],"wp:attachment":[{"href":"https:\/\/encuentroinformativo.com.mx\/index.php?rest_route=%2Fwp%2Fv2%2Fmedia&parent=63086"}],"wp:term":[{"taxonomy":"category","embeddable":true,"href":"https:\/\/encuentroinformativo.com.mx\/index.php?rest_route=%2Fwp%2Fv2%2Fcategories&post=63086"},{"taxonomy":"post_tag","embeddable":true,"href":"https:\/\/encuentroinformativo.com.mx\/index.php?rest_route=%2Fwp%2Fv2%2Ftags&post=63086"}],"curies":[{"name":"wp","href":"https:\/\/api.w.org\/{rel}","templated":true}]}}