{"id":63089,"date":"2025-01-27T15:37:03","date_gmt":"2025-01-27T21:37:03","guid":{"rendered":"https:\/\/encuentroinformativo.com.mx\/?p=63089"},"modified":"2025-01-27T15:37:03","modified_gmt":"2025-01-27T21:37:03","slug":"cancelacion-de-medio-maraton-de-veracruz-fulmino-ocupacion-hotelera","status":"publish","type":"post","link":"https:\/\/encuentroinformativo.com.mx\/?p=63089","title":{"rendered":"Cancelaci\u00f3n de Medio Marat\u00f3n de Veracruz fulmin\u00f3 ocupaci\u00f3n hotelera\u00a0"},"content":{"rendered":"<p><strong style=\"font-size: 1rem;\">Alejandro \u00c1vila<\/strong><\/p>\n<p>Veracruz, Ver.- La cancelaci\u00f3n del evento deportivo de Medio Marat\u00f3n Veracruz 2025, termin\u00f3 fulminando la ocupaci\u00f3n hotelera en el mes de enero, mencion\u00f3 el presidente de la Asociaci\u00f3n de Hoteles y Moteles de Veracruz, C\u00e9sar Mu\u00f1iz Cuervo.<\/p>\n<p>Aunque hist\u00f3ricamente la reserva de habitaciones durante el mes de enero es baja debido a los compromisos econ\u00f3micos que asumen las familias, como pagos escolares y de las viviendas, eventos deportivos como el Medio Marat\u00f3n daban un respiro a la zona conurbada se\u00f1al\u00f3 el empresario.<\/p>\n<p>&#8220;Hab\u00eda ayudado un poco el Medio Marat\u00f3n que se iba a hacer la semana pasada, obviamente por el tema clim\u00e1tico no se pudo llevar a cabo, pero ese tipo de eventos son los que ayudan a la derrama econ\u00f3mica tur\u00edstica en la zona conurbada cuando no es temporada alta (&#8230;) tuvimos la ocupaci\u00f3n de la semana pasada, la verdad es que si estuvo alrededor de un 28 por ciento, lo cual es bastante bastante baja&#8221;, subray\u00f3.<\/p>\n<p>En otro tema, reconoci\u00f3 que el p\u00e9simo estado de los tramos carreteros en la entidad veracruzana sigue afectando en la baja tur\u00edstica de Veracruz, y si bien ya se inici\u00f3 con el programa de bacheo en las carreteras estatales, hasta que no se concluyan al cien por ciento, no se ver\u00e1 resultados o aumento en los visitantes.<\/p>\n<p>&#8220;Seguimos trabajando, seguimos haciendo publicidad de que vengan a Veracruz, que tenemos otras v\u00edas alternas y que tienen para disfrutar aqu\u00ed en Veracruz&#8221;, culmin\u00f3.<\/p>\n","protected":false},"excerpt":{"rendered":"<p>Alejandro \u00c1vila Veracruz, Ver.- La cancelaci\u00f3n del evento deportivo de Medio Marat\u00f3n Veracruz 2025, termin\u00f3 fulminando la ocupaci\u00f3n hotelera en el mes de enero, mencion\u00f3 el presidente de la Asociaci\u00f3n de Hoteles y Moteles de Veracruz, C\u00e9sar Mu\u00f1iz Cuervo. Aunque hist\u00f3ricamente la reserva de habitaciones durante el mes de enero es baja debido a los [&hellip;]<\/p>\n","protected":false},"author":2476,"featured_media":63090,"comment_status":"open","ping_status":"open","sticky":false,"template":"","format":"standard","meta":{"_jetpack_memberships_contains_paid_content":false,"footnotes":""},"categories":[2],"tags":[],"class_list":["post-63089","post","type-post","status-publish","format-standard","has-post-thumbnail","hentry","category-estado"],"jetpack_featured_media_url":"https:\/\/encuentroinformativo.com.mx\/wp-content\/uploads\/2025\/01\/IMG-20250127-WA01692.jpg","jetpack_sharing_enabled":true,"jetpack_likes_enabled":true,"amp_enabled":true,"_links":{"self":[{"href":"https:\/\/encuentroinformativo.com.mx\/index.php?rest_route=\/wp\/v2\/posts\/63089","targetHints":{"allow":["GET"]}}],"collection":[{"href":"https:\/\/encuentroinformativo.com.mx\/index.php?rest_route=\/wp\/v2\/posts"}],"about":[{"href":"https:\/\/encuentroinformativo.com.mx\/index.php?rest_route=\/wp\/v2\/types\/post"}],"author":[{"embeddable":true,"href":"https:\/\/encuentroinformativo.com.mx\/index.php?rest_route=\/wp\/v2\/users\/2476"}],"replies":[{"embeddable":true,"href":"https:\/\/encuentroinformativo.com.mx\/index.php?rest_route=%2Fwp%2Fv2%2Fcomments&post=63089"}],"version-history":[{"count":1,"href":"https:\/\/encuentroinformativo.com.mx\/index.php?rest_route=\/wp\/v2\/posts\/63089\/revisions"}],"predecessor-version":[{"id":63091,"href":"https:\/\/encuentroinformativo.com.mx\/index.php?rest_route=\/wp\/v2\/posts\/63089\/revisions\/63091"}],"wp:featuredmedia":[{"embeddable":true,"href":"https:\/\/encuentroinformativo.com.mx\/index.php?rest_route=\/wp\/v2\/media\/63090"}],"wp:attachment":[{"href":"https:\/\/encuentroinformativo.com.mx\/index.php?rest_route=%2Fwp%2Fv2%2Fmedia&parent=63089"}],"wp:term":[{"taxonomy":"category","embeddable":true,"href":"https:\/\/encuentroinformativo.com.mx\/index.php?rest_route=%2Fwp%2Fv2%2Fcategories&post=63089"},{"taxonomy":"post_tag","embeddable":true,"href":"https:\/\/encuentroinformativo.com.mx\/index.php?rest_route=%2Fwp%2Fv2%2Ftags&post=63089"}],"curies":[{"name":"wp","href":"https:\/\/api.w.org\/{rel}","templated":true}]}}