{"id":63098,"date":"2025-01-27T16:33:10","date_gmt":"2025-01-27T22:33:10","guid":{"rendered":"https:\/\/encuentroinformativo.com.mx\/?p=63098"},"modified":"2025-01-27T16:33:10","modified_gmt":"2025-01-27T22:33:10","slug":"consejeros-distritales-y-jovenes-se-suman-a-rosa-maria-hernandez-espejo","status":"publish","type":"post","link":"https:\/\/encuentroinformativo.com.mx\/?p=63098","title":{"rendered":"Consejeros Distritales y j\u00f3venes se suman a Rosa Mar\u00eda Hern\u00e1ndez Espejo"},"content":{"rendered":"<p><strong style=\"font-size: 1rem;\">Alejandro \u00c1vila<\/strong><\/p>\n<p>Veracruz, Ver.- La juventud veracruzana, en especial la que coincide con los ideales de la Cuarta Transformaci\u00f3n, se decant\u00f3 en favor de la diputada federal, Rosa Mar\u00eda Hern\u00e1ndez Espejo previo, a la encuesta que definir\u00e1 al candidato a la alcald\u00eda de Veracruz.<\/p>\n<p>Hace unos d\u00edas, la legisladora federal ya hab\u00eda conseguido el respaldo de 9 de los 12 Consejeros Distritales.<\/p>\n<p>&#8220;Como que somos parte del movimiento, que hemos caminado junto a ella conocemos de primera mano sus valores, su honestidad, y el compromiso inquebrantable que ha demostrado hacia el pueblo de nuestra ciudad, siendo digna representante y mujer de izquierda por m\u00e1s de 30 a\u00f1os&#8221;, se\u00f1al\u00f3 uno de los voceros juveniles.<\/p>\n<p>Expresaron que Rosa Mar\u00eda Hern\u00e1ndez ha desempe\u00f1ado un papel fundamental desde el Congreso Federal contribuyendo a sentar las bases de la Cuarta Transformaci\u00f3n, trabajando estrechamente con el Presidente L\u00f3pez Obrador, y ahora, con la Presidenta Claudia Sheinbaum, aportando su valiosa experiencia y liderazgo en beneficio del proyecto de transformaci\u00f3n.<\/p>\n<p>Hicieron un llamado a todas y todos para sumarse al dedicado trabajo que Rosa Mar\u00eda Hern\u00e1ndez Espejo ha realizado a lo largo de los a\u00f1os en beneficio del pueblo veracruzano.<\/p>\n<p>Y finalizaron: &#8220;Es momento de unirnos y sumar esfuerzos por Veracruz&#8221;.<\/p>\n","protected":false},"excerpt":{"rendered":"<p>Alejandro \u00c1vila Veracruz, Ver.- La juventud veracruzana, en especial la que coincide con los ideales de la Cuarta Transformaci\u00f3n, se decant\u00f3 en favor de la diputada federal, Rosa Mar\u00eda Hern\u00e1ndez Espejo previo, a la encuesta que definir\u00e1 al candidato a la alcald\u00eda de Veracruz. Hace unos d\u00edas, la legisladora federal ya hab\u00eda conseguido el respaldo [&hellip;]<\/p>\n","protected":false},"author":2476,"featured_media":63099,"comment_status":"open","ping_status":"open","sticky":false,"template":"","format":"standard","meta":{"_jetpack_memberships_contains_paid_content":false,"footnotes":""},"categories":[2],"tags":[],"class_list":["post-63098","post","type-post","status-publish","format-standard","has-post-thumbnail","hentry","category-estado"],"jetpack_featured_media_url":"https:\/\/encuentroinformativo.com.mx\/wp-content\/uploads\/2025\/01\/IMG-20250127-WA0243.jpg","jetpack_sharing_enabled":true,"jetpack_likes_enabled":true,"amp_enabled":true,"_links":{"self":[{"href":"https:\/\/encuentroinformativo.com.mx\/index.php?rest_route=\/wp\/v2\/posts\/63098","targetHints":{"allow":["GET"]}}],"collection":[{"href":"https:\/\/encuentroinformativo.com.mx\/index.php?rest_route=\/wp\/v2\/posts"}],"about":[{"href":"https:\/\/encuentroinformativo.com.mx\/index.php?rest_route=\/wp\/v2\/types\/post"}],"author":[{"embeddable":true,"href":"https:\/\/encuentroinformativo.com.mx\/index.php?rest_route=\/wp\/v2\/users\/2476"}],"replies":[{"embeddable":true,"href":"https:\/\/encuentroinformativo.com.mx\/index.php?rest_route=%2Fwp%2Fv2%2Fcomments&post=63098"}],"version-history":[{"count":1,"href":"https:\/\/encuentroinformativo.com.mx\/index.php?rest_route=\/wp\/v2\/posts\/63098\/revisions"}],"predecessor-version":[{"id":63100,"href":"https:\/\/encuentroinformativo.com.mx\/index.php?rest_route=\/wp\/v2\/posts\/63098\/revisions\/63100"}],"wp:featuredmedia":[{"embeddable":true,"href":"https:\/\/encuentroinformativo.com.mx\/index.php?rest_route=\/wp\/v2\/media\/63099"}],"wp:attachment":[{"href":"https:\/\/encuentroinformativo.com.mx\/index.php?rest_route=%2Fwp%2Fv2%2Fmedia&parent=63098"}],"wp:term":[{"taxonomy":"category","embeddable":true,"href":"https:\/\/encuentroinformativo.com.mx\/index.php?rest_route=%2Fwp%2Fv2%2Fcategories&post=63098"},{"taxonomy":"post_tag","embeddable":true,"href":"https:\/\/encuentroinformativo.com.mx\/index.php?rest_route=%2Fwp%2Fv2%2Ftags&post=63098"}],"curies":[{"name":"wp","href":"https:\/\/api.w.org\/{rel}","templated":true}]}}