{"id":63101,"date":"2025-01-27T16:38:04","date_gmt":"2025-01-27T22:38:04","guid":{"rendered":"https:\/\/encuentroinformativo.com.mx\/?p=63101"},"modified":"2025-01-27T16:38:04","modified_gmt":"2025-01-27T22:38:04","slug":"magistrada-rosalba-hernandez-imparte-conferencia-de-perspectiva-de-genero","status":"publish","type":"post","link":"https:\/\/encuentroinformativo.com.mx\/?p=63101","title":{"rendered":"Magistrada Rosalba Hern\u00e1ndez imparte conferencia de perspectiva de g\u00e9nero\u00a0"},"content":{"rendered":"<p><strong><span style=\"font-size: 1rem;\">Alejandro \u00c1vila<\/span><\/strong><\/p>\n<p>Minatitl\u00e1n, Ver.- Con mucha aceptaci\u00f3n y alta concurrencia fue recibida la Magistrada, Rosalba Hern\u00e1ndez Hern\u00e1ndez, Presidenta de la Sala Constitucional del Tribunal Superior de Justicia del Estado de Veracruz, quien dio importante conferencia dentro de las instalaciones de la sala de Cabildo del Ayuntamiento de Minatitl\u00e1n, la cual bas\u00f3 su tem\u00e1tica en \u201cDerechos Humanos, Perspectiva de G\u00e9nero y Perspectiva Intercultural\u201c.<\/p>\n<p>La importante ponencia de la doctora Rosalba fue presenciada por integrantes de diversos Colegios de Abogados, periodistas y figuras representantes de la Universidad Veracruzana en su \u00e1rea de Postgrados.<\/p>\n<p>\u201cEn el \u00faltimo a\u00f1o ha habido una serie de reformas a la Constituci\u00f3n Federal y tambi\u00e9n se est\u00e1n llevando a cabo las de nuestro Estado, pero hay una en particular que hemos escuchado reiteradamente en La Ma\u00f1anera y en los medios de comunicaci\u00f3n, que es la de materia ind\u00edgena\u201d coment\u00f3 la Magistrada.<\/p>\n<p>Los mexicanos y mexicanas siempre se han vanagloriado de la riqueza cultural y ling\u00fc\u00edstica de los pueblos ind\u00edgenas, y ahora escuchamos a diario el lema de \u201cprimero los pobres, primero los pueblos ind\u00edgenas y afromexicanos\u201d concluy\u00f3.<\/p>\n","protected":false},"excerpt":{"rendered":"<p>Alejandro \u00c1vila Minatitl\u00e1n, Ver.- Con mucha aceptaci\u00f3n y alta concurrencia fue recibida la Magistrada, Rosalba Hern\u00e1ndez Hern\u00e1ndez, Presidenta de la Sala Constitucional del Tribunal Superior de Justicia del Estado de Veracruz, quien dio importante conferencia dentro de las instalaciones de la sala de Cabildo del Ayuntamiento de Minatitl\u00e1n, la cual bas\u00f3 su tem\u00e1tica en \u201cDerechos [&hellip;]<\/p>\n","protected":false},"author":2476,"featured_media":63102,"comment_status":"open","ping_status":"open","sticky":false,"template":"","format":"standard","meta":{"_jetpack_memberships_contains_paid_content":false,"footnotes":""},"categories":[2],"tags":[],"class_list":["post-63101","post","type-post","status-publish","format-standard","has-post-thumbnail","hentry","category-estado"],"jetpack_featured_media_url":"https:\/\/encuentroinformativo.com.mx\/wp-content\/uploads\/2025\/01\/IMG-20250127-WA0245.jpg","jetpack_sharing_enabled":true,"jetpack_likes_enabled":true,"amp_enabled":true,"_links":{"self":[{"href":"https:\/\/encuentroinformativo.com.mx\/index.php?rest_route=\/wp\/v2\/posts\/63101","targetHints":{"allow":["GET"]}}],"collection":[{"href":"https:\/\/encuentroinformativo.com.mx\/index.php?rest_route=\/wp\/v2\/posts"}],"about":[{"href":"https:\/\/encuentroinformativo.com.mx\/index.php?rest_route=\/wp\/v2\/types\/post"}],"author":[{"embeddable":true,"href":"https:\/\/encuentroinformativo.com.mx\/index.php?rest_route=\/wp\/v2\/users\/2476"}],"replies":[{"embeddable":true,"href":"https:\/\/encuentroinformativo.com.mx\/index.php?rest_route=%2Fwp%2Fv2%2Fcomments&post=63101"}],"version-history":[{"count":1,"href":"https:\/\/encuentroinformativo.com.mx\/index.php?rest_route=\/wp\/v2\/posts\/63101\/revisions"}],"predecessor-version":[{"id":63103,"href":"https:\/\/encuentroinformativo.com.mx\/index.php?rest_route=\/wp\/v2\/posts\/63101\/revisions\/63103"}],"wp:featuredmedia":[{"embeddable":true,"href":"https:\/\/encuentroinformativo.com.mx\/index.php?rest_route=\/wp\/v2\/media\/63102"}],"wp:attachment":[{"href":"https:\/\/encuentroinformativo.com.mx\/index.php?rest_route=%2Fwp%2Fv2%2Fmedia&parent=63101"}],"wp:term":[{"taxonomy":"category","embeddable":true,"href":"https:\/\/encuentroinformativo.com.mx\/index.php?rest_route=%2Fwp%2Fv2%2Fcategories&post=63101"},{"taxonomy":"post_tag","embeddable":true,"href":"https:\/\/encuentroinformativo.com.mx\/index.php?rest_route=%2Fwp%2Fv2%2Ftags&post=63101"}],"curies":[{"name":"wp","href":"https:\/\/api.w.org\/{rel}","templated":true}]}}