{"id":63104,"date":"2025-01-27T17:27:53","date_gmt":"2025-01-27T23:27:53","guid":{"rendered":"https:\/\/encuentroinformativo.com.mx\/?p=63104"},"modified":"2025-01-27T17:27:53","modified_gmt":"2025-01-27T23:27:53","slug":"coalicion-depende-del-pan-alejandro-moreno","status":"publish","type":"post","link":"https:\/\/encuentroinformativo.com.mx\/?p=63104","title":{"rendered":"Coalici\u00f3n depende del PAN: Alejandro Moreno"},"content":{"rendered":"<p><strong style=\"font-size: 1rem;\">Dar\u00edo Pale<\/strong><\/p>\n<p>Xalapa, Ver.- De cara al proceso municipal, el dirigente nacional pri\u00edsta, Alejandro Moreno C\u00e1rdenas, denunci\u00f3 que MORENA no respeta la ley al postular candidatos con v\u00ednculos con la delincuencia organizada y dijo estar a favor de la alianza con el PAN.<\/p>\n<p>En conferencia de prensa inform\u00f3 que, &#8220;estos c\u00ednicos y corruptos de MORENA no respetan la ley, no le importa postular a ning\u00fan candidato que tengan v\u00ednculos con el crimen organizado y lo hacen todos los d\u00edas&#8221;.<\/p>\n<p>Como parte de su gira de gobierno, Moreno C\u00e1rdenas asegur\u00f3 que est\u00e1 situaci\u00f3n no la denunci\u00f3 el PRI, sino que lo han hecho jueces y fiscales.<\/p>\n<p>&#8220;No lo digo yo, lo han dicho jueces, fiscales, medios de comunicaci\u00f3n de como gobernadores, diputados y dirigentes de MORENA est\u00e1n vinculados al crimen organizado, a ellos se les dice los morenarcos&#8221;, acus\u00f3.<\/p>\n<p>De ah\u00ed que para su partido es importante construir una propuesta seria, s\u00f3lida &#8220;y nosotros estamos proponiendo trabajar juntos y en equipo, trabajar cerca de la gente. Nosotros estaremos porque se cumplan esos requisitos en lo legal y en lo estatutario para que podamos impulsar candidatos y candidatas y la autoridad tiene que hacer su trabajo&#8221;.<\/p>\n<p>Por lo que asegur\u00f3 que ellos est\u00e1n dispuestos a tener una alianza con Acci\u00f3n Nacional (PAN); sin embargo, dijo que se requiere de una propuesta seria, ya que indic\u00f3 que en el PAN hay varios grupos al interior del PAN con quienes se tienen que llegar a acuerdos.<\/p>\n<p>\u201cTenemos reuniones regionales con los diferentes grupos como el PAN de los Yunes, el PAN de Guzm\u00e1n, el de Cambranis. \u00bfQu\u00e9 es lo queremos?, que haya una sola decisi\u00f3n para construir\u201d, se\u00f1al\u00f3.<\/p>\n<p>Incluso coment\u00f3 que la alianza podr\u00eda ser parcial, en al menos 52 municipios aunque asegur\u00f3 que el partido est\u00e1 preparado para postular candidatos en los 212 municipios.<\/p>\n<p>\u201cEstamos trabajando, si me preguntan si el PRI quiere coalici\u00f3n, claro que estamos trabajando, la coalici\u00f3n ahora depende de Acci\u00f3n Nacional, queremos la alianza porque nos hace m\u00e1s competitivos a todos. Si vamos en coalici\u00f3n sumamos nuestro voto pero el PRI est\u00e1 listo para competir solos en los 212 municipios\u201d, dijo en la conferencia.<\/p>\n<p>Por \u00faltimo dijo que, \u201cel PRI tendr\u00e1 candidato en los 212 municipios, estamos trabajando para ello. El tiempo habr\u00e1 de determinar las alianzas. Hay \u00e1nimo en la militancia pri\u00edsta de participar, de trabajar en equipo y eso nos anima\u201d.<\/p>\n","protected":false},"excerpt":{"rendered":"<p>Dar\u00edo Pale Xalapa, Ver.- De cara al proceso municipal, el dirigente nacional pri\u00edsta, Alejandro Moreno C\u00e1rdenas, denunci\u00f3 que MORENA no respeta la ley al postular candidatos con v\u00ednculos con la delincuencia organizada y dijo estar a favor de la alianza con el PAN. En conferencia de prensa inform\u00f3 que, &#8220;estos c\u00ednicos y corruptos de MORENA [&hellip;]<\/p>\n","protected":false},"author":2476,"featured_media":63105,"comment_status":"open","ping_status":"open","sticky":false,"template":"","format":"standard","meta":{"_jetpack_memberships_contains_paid_content":false,"footnotes":""},"categories":[2],"tags":[],"class_list":["post-63104","post","type-post","status-publish","format-standard","has-post-thumbnail","hentry","category-estado"],"jetpack_featured_media_url":"https:\/\/encuentroinformativo.com.mx\/wp-content\/uploads\/2025\/01\/IMG-20250127-WA0162.jpg","jetpack_sharing_enabled":true,"jetpack_likes_enabled":true,"amp_enabled":true,"_links":{"self":[{"href":"https:\/\/encuentroinformativo.com.mx\/index.php?rest_route=\/wp\/v2\/posts\/63104","targetHints":{"allow":["GET"]}}],"collection":[{"href":"https:\/\/encuentroinformativo.com.mx\/index.php?rest_route=\/wp\/v2\/posts"}],"about":[{"href":"https:\/\/encuentroinformativo.com.mx\/index.php?rest_route=\/wp\/v2\/types\/post"}],"author":[{"embeddable":true,"href":"https:\/\/encuentroinformativo.com.mx\/index.php?rest_route=\/wp\/v2\/users\/2476"}],"replies":[{"embeddable":true,"href":"https:\/\/encuentroinformativo.com.mx\/index.php?rest_route=%2Fwp%2Fv2%2Fcomments&post=63104"}],"version-history":[{"count":1,"href":"https:\/\/encuentroinformativo.com.mx\/index.php?rest_route=\/wp\/v2\/posts\/63104\/revisions"}],"predecessor-version":[{"id":63106,"href":"https:\/\/encuentroinformativo.com.mx\/index.php?rest_route=\/wp\/v2\/posts\/63104\/revisions\/63106"}],"wp:featuredmedia":[{"embeddable":true,"href":"https:\/\/encuentroinformativo.com.mx\/index.php?rest_route=\/wp\/v2\/media\/63105"}],"wp:attachment":[{"href":"https:\/\/encuentroinformativo.com.mx\/index.php?rest_route=%2Fwp%2Fv2%2Fmedia&parent=63104"}],"wp:term":[{"taxonomy":"category","embeddable":true,"href":"https:\/\/encuentroinformativo.com.mx\/index.php?rest_route=%2Fwp%2Fv2%2Fcategories&post=63104"},{"taxonomy":"post_tag","embeddable":true,"href":"https:\/\/encuentroinformativo.com.mx\/index.php?rest_route=%2Fwp%2Fv2%2Ftags&post=63104"}],"curies":[{"name":"wp","href":"https:\/\/api.w.org\/{rel}","templated":true}]}}