{"id":63111,"date":"2025-01-27T19:37:16","date_gmt":"2025-01-28T01:37:16","guid":{"rendered":"https:\/\/encuentroinformativo.com.mx\/?p=63111"},"modified":"2025-01-27T19:37:16","modified_gmt":"2025-01-28T01:37:16","slug":"trabajar-coordinadamente-en-la-tipificacion-de-violencia-vicaria-pide-diputada","status":"publish","type":"post","link":"https:\/\/encuentroinformativo.com.mx\/?p=63111","title":{"rendered":"Trabajar coordinadamente en la tipificaci\u00f3n de Violencia Vicaria, pide diputada"},"content":{"rendered":"<p style=\"font-weight: 400;\"><strong>* Congreso de Veracruz debe requerir a las autoridades de la CDMX actuar en apego a legalidad en el caso de Mar\u00eda Fernanda Turrent, solicita Indira de Jes\u00fas Rosales San Rom\u00e1n.<\/strong><\/p>\n<p style=\"font-weight: 400;\"><span style=\"font-size: 1rem;\">Xalapa, Ver.- \u00a0A trav\u00e9s de un Anteproyecto de Punto de Acuerdo, la diputada Indira de Jes\u00fas Rosales San Rom\u00e1n propuso el establecimiento de una mesa interinstitucional para estudiar y analizar la tipificaci\u00f3n de la violencia vicaria en Veracruz.<\/span><\/p>\n<p style=\"font-weight: 400;\"><span style=\"font-size: 1rem;\">Asimismo, la legisladora hizo un exhorto a la Fiscal\u00eda General y al Poder Judicial de la Ciudad de M\u00e9xico (CDMX) a actuar con estricto apego a la legalidad en el caso ejercido contra la veracruzana Mar\u00eda Fernanda Turrent, v\u00edctima de este delito.<\/span><\/p>\n<p style=\"font-weight: 400;\"><span style=\"font-size: 1rem;\">En el uso de la tribuna, la presidenta de la Comisi\u00f3n Permanente de Derechos de la Ni\u00f1ez, la Adolescencia y la Familia, record\u00f3 que la violencia vicaria es la entendida como la ejercida sobre los hijos, familiares o personas allegadas con el objetivo de da\u00f1ar o herir a la mujer, cuyos casos han ido en aumento en los \u00faltimos a\u00f1os.<\/span><\/p>\n<p style=\"font-weight: 400;\"><span style=\"font-size: 1rem;\">Se\u00f1al\u00f3 que, ante esta realidad, el 17 de enero de 2024 fue publicado en el Diario Oficial de la Federaci\u00f3n el decreto por el que se reforman y adicionan diversas disposiciones de la Ley General de Acceso de las Mujeres a una Vida Libre de Violencia, del C\u00f3digo Civil Federal y del C\u00f3digo Penal Federal, en materia de violencia a trav\u00e9s de interp\u00f3sita persona, dando un paso importante en la procuraci\u00f3n de justicia en el tema.<\/span><\/p>\n<p style=\"font-weight: 400;\"><span style=\"font-size: 1rem;\">En lo que respecta al estado de Veracruz, apunt\u00f3, diferentes fuerzas pol\u00edticas de la LXVI y la LXVII Legislatura han presentado propuestas para poder incluir este tipo de violencia en la legislaci\u00f3n, de ah\u00ed la importancia de realizar los trabajos conducentes para tipificar la violencia a trav\u00e9s de interp\u00f3sita persona conocida como violencia vicaria en las normativas locales, expres\u00f3 la legisladora.<\/span><\/p>\n<p style=\"font-weight: 400;\"><span style=\"font-size: 1rem;\">De acuerdo con datos del Secretariado Ejecutivo del Sistema Nacional de Seguridad P\u00fablica, explic\u00f3, en 2024 Veracruz registr\u00f3 un total de 11 mil 321 casos de esta \u00edndole, \u201ces urgente que esta Soberan\u00eda legisle sobre el tema y se tipifique en la normatividad estatal el delito de violencia vicaria, en consonancia con las disposiciones federales que la contemplan\u201d.<\/span><\/p>\n<p style=\"font-weight: 400;\"><span style=\"font-size: 1rem;\">Finalmente, se refiri\u00f3 al caso en particular de la ciudadana veracruzana Mar\u00eda Fernanda Turrent, quien ha sido v\u00edctima de violencia vicaria y ahora est\u00e1 detenida en la CDMX, por lo que solicit\u00f3 a este Poder realizar un exhorto a las autoridades investigadoras y al Poder Judicial de dicha demarcaci\u00f3n para que \u00e9stos act\u00faen con estricto apego a legalidad en el proceso.<\/span><\/p>\n<p style=\"font-weight: 400;\"><span style=\"font-size: 1rem;\">Secund\u00f3 este Anteproyecto el diputado Rafael Gustavo Fararoni Maga\u00f1a, quien destac\u00f3 que este d\u00eda se realiza la audiencia en la que podr\u00eda cambiarse la medida cautelar que tiene en prisi\u00f3n a Mar\u00eda Fernanda Turrent, \u201cpedimos desde aqu\u00ed a la autoridad competente, que imponga el sentido humano de la justicia para que Mafer pueda transitar con un poco de tranquilidad y no en una celda que no merece\u201d, precis\u00f3.<\/span><\/p>\n<p style=\"font-weight: 400;\">\n","protected":false},"excerpt":{"rendered":"<p>* Congreso de Veracruz debe requerir a las autoridades de la CDMX actuar en apego a legalidad en el caso de Mar\u00eda Fernanda Turrent, solicita Indira de Jes\u00fas Rosales San Rom\u00e1n. Xalapa, Ver.- \u00a0A trav\u00e9s de un Anteproyecto de Punto de Acuerdo, la diputada Indira de Jes\u00fas Rosales San Rom\u00e1n propuso el establecimiento de una [&hellip;]<\/p>\n","protected":false},"author":2476,"featured_media":63112,"comment_status":"open","ping_status":"open","sticky":false,"template":"","format":"standard","meta":{"_jetpack_memberships_contains_paid_content":false,"footnotes":""},"categories":[2],"tags":[],"class_list":["post-63111","post","type-post","status-publish","format-standard","has-post-thumbnail","hentry","category-estado"],"jetpack_featured_media_url":"https:\/\/encuentroinformativo.com.mx\/wp-content\/uploads\/2025\/01\/NOV27ENE2025INDIRA1.jpeg","jetpack_sharing_enabled":true,"jetpack_likes_enabled":true,"amp_enabled":true,"_links":{"self":[{"href":"https:\/\/encuentroinformativo.com.mx\/index.php?rest_route=\/wp\/v2\/posts\/63111","targetHints":{"allow":["GET"]}}],"collection":[{"href":"https:\/\/encuentroinformativo.com.mx\/index.php?rest_route=\/wp\/v2\/posts"}],"about":[{"href":"https:\/\/encuentroinformativo.com.mx\/index.php?rest_route=\/wp\/v2\/types\/post"}],"author":[{"embeddable":true,"href":"https:\/\/encuentroinformativo.com.mx\/index.php?rest_route=\/wp\/v2\/users\/2476"}],"replies":[{"embeddable":true,"href":"https:\/\/encuentroinformativo.com.mx\/index.php?rest_route=%2Fwp%2Fv2%2Fcomments&post=63111"}],"version-history":[{"count":1,"href":"https:\/\/encuentroinformativo.com.mx\/index.php?rest_route=\/wp\/v2\/posts\/63111\/revisions"}],"predecessor-version":[{"id":63113,"href":"https:\/\/encuentroinformativo.com.mx\/index.php?rest_route=\/wp\/v2\/posts\/63111\/revisions\/63113"}],"wp:featuredmedia":[{"embeddable":true,"href":"https:\/\/encuentroinformativo.com.mx\/index.php?rest_route=\/wp\/v2\/media\/63112"}],"wp:attachment":[{"href":"https:\/\/encuentroinformativo.com.mx\/index.php?rest_route=%2Fwp%2Fv2%2Fmedia&parent=63111"}],"wp:term":[{"taxonomy":"category","embeddable":true,"href":"https:\/\/encuentroinformativo.com.mx\/index.php?rest_route=%2Fwp%2Fv2%2Fcategories&post=63111"},{"taxonomy":"post_tag","embeddable":true,"href":"https:\/\/encuentroinformativo.com.mx\/index.php?rest_route=%2Fwp%2Fv2%2Ftags&post=63111"}],"curies":[{"name":"wp","href":"https:\/\/api.w.org\/{rel}","templated":true}]}}