{"id":63123,"date":"2025-01-28T13:04:47","date_gmt":"2025-01-28T19:04:47","guid":{"rendered":"https:\/\/encuentroinformativo.com.mx\/?p=63123"},"modified":"2025-01-28T13:04:47","modified_gmt":"2025-01-28T19:04:47","slug":"esperan-derrama-economica-con-festival-de-la-candelaria-en-xalapa","status":"publish","type":"post","link":"https:\/\/encuentroinformativo.com.mx\/?p=63123","title":{"rendered":"Esperan derrama econ\u00f3mica con Festival de la Candelaria en Xalapa"},"content":{"rendered":"<p><strong style=\"font-size: 1rem;\">Dar\u00edo Pale<\/strong><\/p>\n<p>Xalapa, Ver.- El director de Turismo Municipal Josu\u00e9 V\u00e1zquez Gonz\u00e1lez, dio a conocer que este viernes inicia el Festival Vive la Candelaria en Xalapa; ser\u00e1 un gran evento familiar, sera del 31 de enero al 2 de febrero, el parque Ju\u00e1rez ser\u00e1 escenario de la primera edici\u00f3n del Festival Gastron\u00f3mico.<\/p>\n<p>En entrevista record\u00f3 que participar\u00e1n expositores que ofrecer\u00e1n sus productos de 10 de la ma\u00f1ana a 9 de la noche, este festival contar\u00e1 con la selecta cartelera artista de la Direcci\u00f3n de Cultura; ser\u00e1 en un ambiente totalmente familiar.<\/p>\n<p>Al respecto explic\u00f3 que esta iniciativa es resultado del di\u00e1logo y cercan\u00eda entre las autoridades y emprendedores locales, quienes reconocen el impulso que la administraci\u00f3n local ha otorgado.<\/p>\n<p>Por lo anterior, destac\u00f3 que durante esos d\u00edas habr\u00e1 una amplia oferta culinaria que incluye tamales de dulce, frijol, rancheros, de carne y otras variedades, permitiendo a los asistentes disfrutar de los sabores m\u00e1s representativos de la regi\u00f3n.<\/p>\n<p>\u201cEventos como este generan importantes beneficios para los emprendedores al darles la oportunidad de promocionar y comercializar sus productos; estas actividades fomentan la derrama econ\u00f3mica y fortalecen diversos sectores de la regi\u00f3n\u201d, se\u00f1al\u00f3.<\/p>\n<p>Respecto a los precios, coment\u00f3 que habr\u00e1 para todos los bolsillos, y es que la finalidad radica en impulsar la econom\u00eda, pero de manera justa para los consumidores.<\/p>\n<p>Es as\u00ed que el domingo 2 de febrero, a las 13:00 horas, se presentar\u00e1 el Ballet Folcl\u00f3rico Aztl\u00e1n de Veracruz.<\/p>\n<p>A las 2:10 de la tarde, el dueto Ricardo y Gema deleitar\u00e1n al p\u00fablico y el cierre estar\u00e1 a cargo de la Orquesta Municipal de Xalapa (OMX) con su espect\u00e1culo Danz\u00f3n Pal\u2019 Coraz\u00f3n, a las 5:00 de la tarde.<\/p>\n<p>Por \u00faltimo coment\u00f3 que Vive la Candelaria en Xalapa promete convertirse en una celebraci\u00f3n que preserve las tradiciones de la temporada y en un escaparate para el talento y la riqueza culinaria de la capital.<\/p>\n","protected":false},"excerpt":{"rendered":"<p>Dar\u00edo Pale Xalapa, Ver.- El director de Turismo Municipal Josu\u00e9 V\u00e1zquez Gonz\u00e1lez, dio a conocer que este viernes inicia el Festival Vive la Candelaria en Xalapa; ser\u00e1 un gran evento familiar, sera del 31 de enero al 2 de febrero, el parque Ju\u00e1rez ser\u00e1 escenario de la primera edici\u00f3n del Festival Gastron\u00f3mico. En entrevista record\u00f3 [&hellip;]<\/p>\n","protected":false},"author":2476,"featured_media":63124,"comment_status":"open","ping_status":"open","sticky":false,"template":"","format":"standard","meta":{"_jetpack_memberships_contains_paid_content":false,"footnotes":""},"categories":[3],"tags":[],"class_list":["post-63123","post","type-post","status-publish","format-standard","has-post-thumbnail","hentry","category-xalapa"],"jetpack_featured_media_url":"https:\/\/encuentroinformativo.com.mx\/wp-content\/uploads\/2025\/01\/IMG-20250128-WA0133.jpg","jetpack_sharing_enabled":true,"jetpack_likes_enabled":true,"amp_enabled":true,"_links":{"self":[{"href":"https:\/\/encuentroinformativo.com.mx\/index.php?rest_route=\/wp\/v2\/posts\/63123","targetHints":{"allow":["GET"]}}],"collection":[{"href":"https:\/\/encuentroinformativo.com.mx\/index.php?rest_route=\/wp\/v2\/posts"}],"about":[{"href":"https:\/\/encuentroinformativo.com.mx\/index.php?rest_route=\/wp\/v2\/types\/post"}],"author":[{"embeddable":true,"href":"https:\/\/encuentroinformativo.com.mx\/index.php?rest_route=\/wp\/v2\/users\/2476"}],"replies":[{"embeddable":true,"href":"https:\/\/encuentroinformativo.com.mx\/index.php?rest_route=%2Fwp%2Fv2%2Fcomments&post=63123"}],"version-history":[{"count":1,"href":"https:\/\/encuentroinformativo.com.mx\/index.php?rest_route=\/wp\/v2\/posts\/63123\/revisions"}],"predecessor-version":[{"id":63125,"href":"https:\/\/encuentroinformativo.com.mx\/index.php?rest_route=\/wp\/v2\/posts\/63123\/revisions\/63125"}],"wp:featuredmedia":[{"embeddable":true,"href":"https:\/\/encuentroinformativo.com.mx\/index.php?rest_route=\/wp\/v2\/media\/63124"}],"wp:attachment":[{"href":"https:\/\/encuentroinformativo.com.mx\/index.php?rest_route=%2Fwp%2Fv2%2Fmedia&parent=63123"}],"wp:term":[{"taxonomy":"category","embeddable":true,"href":"https:\/\/encuentroinformativo.com.mx\/index.php?rest_route=%2Fwp%2Fv2%2Fcategories&post=63123"},{"taxonomy":"post_tag","embeddable":true,"href":"https:\/\/encuentroinformativo.com.mx\/index.php?rest_route=%2Fwp%2Fv2%2Ftags&post=63123"}],"curies":[{"name":"wp","href":"https:\/\/api.w.org\/{rel}","templated":true}]}}