{"id":63129,"date":"2025-01-28T14:51:48","date_gmt":"2025-01-28T20:51:48","guid":{"rendered":"https:\/\/encuentroinformativo.com.mx\/?p=63129"},"modified":"2025-01-28T14:51:48","modified_gmt":"2025-01-28T20:51:48","slug":"este-fin-de-semana-levantamiento-final-de-encuesta-interna-de-morena","status":"publish","type":"post","link":"https:\/\/encuentroinformativo.com.mx\/?p=63129","title":{"rendered":"Este fin de semana levantamiento final de encuesta interna de Morena"},"content":{"rendered":"<p><strong><span style=\"font-size: 1rem;\">Alejandro \u00c1vila<\/span><\/strong><\/p>\n<p>Veracruz, Ver.- La aspirante a la candidatura para la alcald\u00eda de Veracruz por Morena, Anil\u00fa Ingram Vallines, confirm\u00f3 que este fin de semana, es decir el pr\u00f3ximo domingo 2 de febrero, se realizar\u00e1 el \u00faltimo levantamiento de la encuesta interna para conocer los n\u00fameros finales que arroje el sondeo.<\/p>\n<p>&#8220;Caminar como tal pues uno lo puede hacer siempre porque es parte de la esencia de nuestro movimiento, y de manera particular es parte de mi trabajo diario, de mi estilo de trabajo diario, pero de acuerdo a los tiempos de la convocatoria que emite el Comit\u00e9 Ejecutivo Nacional de Morena, pues pr\u00e1cticamente estamos en la recta final. Este fin de semana de acuerdo a lo que tenemos entendido se estar\u00e1 llevando a cabo el \u00faltimo levantamiento, el cual se estar\u00e1 llevando a cabo cara a cara en las colonias y fraccionamientos, y en los primeros d\u00edas, lo que ser\u00e1 las primeras dos semanas vamos a ponerle del mes de febrero, pues estaremos conociendo el resultado&#8221;, expres\u00f3.<\/p>\n<p>La ex diputada local dijo que existe confianza en el proceso interno y una vez conociendo los resultados, todos los registrados e interesados se unir\u00e1n por el bien com\u00fan y apoyar\u00e1n al candidato electo por la militancia.<\/p>\n<p>&#8220;Nosotros estamos en un proceso democr\u00e1tico en el cual se estar\u00e1 desahogando, y posterior a ello saldremos con mucha fortaleza, con mucha unidad, con mucha organizaci\u00f3n, con mucha cohesi\u00f3n, todos hemos levantado la mano hoy estamos participando distintas compa\u00f1eras y compa\u00f1eros a quienes yo respeto e incluso nos une una amistad, y posterior a este proceso vamos a salir en unidad, no tengo la menor duda, y Morena llegar\u00e1 al municipio de Veracruz&#8221;, culmin\u00f3.<\/p>\n","protected":false},"excerpt":{"rendered":"<p>Alejandro \u00c1vila Veracruz, Ver.- La aspirante a la candidatura para la alcald\u00eda de Veracruz por Morena, Anil\u00fa Ingram Vallines, confirm\u00f3 que este fin de semana, es decir el pr\u00f3ximo domingo 2 de febrero, se realizar\u00e1 el \u00faltimo levantamiento de la encuesta interna para conocer los n\u00fameros finales que arroje el sondeo. &#8220;Caminar como tal pues [&hellip;]<\/p>\n","protected":false},"author":2476,"featured_media":63130,"comment_status":"open","ping_status":"open","sticky":false,"template":"","format":"standard","meta":{"_jetpack_memberships_contains_paid_content":false,"footnotes":""},"categories":[2],"tags":[],"class_list":["post-63129","post","type-post","status-publish","format-standard","has-post-thumbnail","hentry","category-estado"],"jetpack_featured_media_url":"https:\/\/encuentroinformativo.com.mx\/wp-content\/uploads\/2025\/01\/IMG-20250128-WA0161.jpg","jetpack_sharing_enabled":true,"jetpack_likes_enabled":true,"amp_enabled":true,"_links":{"self":[{"href":"https:\/\/encuentroinformativo.com.mx\/index.php?rest_route=\/wp\/v2\/posts\/63129","targetHints":{"allow":["GET"]}}],"collection":[{"href":"https:\/\/encuentroinformativo.com.mx\/index.php?rest_route=\/wp\/v2\/posts"}],"about":[{"href":"https:\/\/encuentroinformativo.com.mx\/index.php?rest_route=\/wp\/v2\/types\/post"}],"author":[{"embeddable":true,"href":"https:\/\/encuentroinformativo.com.mx\/index.php?rest_route=\/wp\/v2\/users\/2476"}],"replies":[{"embeddable":true,"href":"https:\/\/encuentroinformativo.com.mx\/index.php?rest_route=%2Fwp%2Fv2%2Fcomments&post=63129"}],"version-history":[{"count":1,"href":"https:\/\/encuentroinformativo.com.mx\/index.php?rest_route=\/wp\/v2\/posts\/63129\/revisions"}],"predecessor-version":[{"id":63131,"href":"https:\/\/encuentroinformativo.com.mx\/index.php?rest_route=\/wp\/v2\/posts\/63129\/revisions\/63131"}],"wp:featuredmedia":[{"embeddable":true,"href":"https:\/\/encuentroinformativo.com.mx\/index.php?rest_route=\/wp\/v2\/media\/63130"}],"wp:attachment":[{"href":"https:\/\/encuentroinformativo.com.mx\/index.php?rest_route=%2Fwp%2Fv2%2Fmedia&parent=63129"}],"wp:term":[{"taxonomy":"category","embeddable":true,"href":"https:\/\/encuentroinformativo.com.mx\/index.php?rest_route=%2Fwp%2Fv2%2Fcategories&post=63129"},{"taxonomy":"post_tag","embeddable":true,"href":"https:\/\/encuentroinformativo.com.mx\/index.php?rest_route=%2Fwp%2Fv2%2Ftags&post=63129"}],"curies":[{"name":"wp","href":"https:\/\/api.w.org\/{rel}","templated":true}]}}