{"id":63158,"date":"2025-01-28T19:10:07","date_gmt":"2025-01-29T01:10:07","guid":{"rendered":"https:\/\/encuentroinformativo.com.mx\/?p=63158"},"modified":"2025-01-28T19:10:07","modified_gmt":"2025-01-29T01:10:07","slug":"instalado-el-comite-de-evaluacion-del-poder-legislativo-de-veracruz","status":"publish","type":"post","link":"https:\/\/encuentroinformativo.com.mx\/?p=63158","title":{"rendered":"Instalado, el Comit\u00e9 de Evaluaci\u00f3n del Poder Legislativo de Veracruz"},"content":{"rendered":"<p><strong>* Reciben sus integrantes las notificaciones y el acuerdo de creaci\u00f3n de este \u00f3rgano e inician sus funciones.<\/strong><\/p>\n<p style=\"font-weight: 400;\"><span style=\"font-size: 1rem;\">Xalapa, Ver.- Este d\u00eda, qued\u00f3 instalado e inici\u00f3 sus funciones el Comit\u00e9 de Evaluaci\u00f3n del Poder Legislativo del estado de Veracruz, encargado del proceso de evaluaci\u00f3n y selecci\u00f3n de postulaciones para la elecci\u00f3n de personas juzgadoras en el Proceso Electoral Extraordinario 2024-2025.<\/span><\/p>\n<p style=\"font-weight: 400;\"><span style=\"font-size: 1rem;\">En sesi\u00f3n encabezada por el secretario general de este Congreso, Domingo Bahena Corbal\u00e1, y atestiguada por los diputados Diego Casta\u00f1eda Aburto y Carlos Marcelo Ruiz S\u00e1nchez y por la legisladora Imelda Garrido Alvarado, los integrantes del comit\u00e9, Areli de Jes\u00fas P\u00e9rez Aguilar, Tomasa Alem\u00e1n Rogel, Saira A\u00edda Salas del \u00c1ngel, Enrique Adolfo Guti\u00e9rrez Cano y Sebasti\u00e1n Clemente Morales, recibieron de manera individual las notificaciones y el acuerdo por el que se crea este comit\u00e9 y firmaron el acuse respectivo.<\/span><\/p>\n<p style=\"font-weight: 400;\"><span style=\"font-size: 1rem;\">La creaci\u00f3n y la integraci\u00f3n de este comit\u00e9 fueron aprobadas por el Pleno de la LXVII Legislatura en la Decimoctava Sesi\u00f3n Ordinaria, este lunes 27 de enero, a propuesta de la Junta de Coordinaci\u00f3n Pol\u00edtica.<\/span><\/p>\n<p style=\"font-weight: 400;\"><span style=\"font-size: 1rem;\">Las atribuciones y encomiendas del comit\u00e9 son recibir los expedientes de las personas aspirantes, evaluar el cumplimiento de los requisitos constitucionales y legales e identificar a los mejores perfiles, en funci\u00f3n de los que cuenten con mayores conocimientos t\u00e9cnicos necesarios para el desempe\u00f1o del cargo y se hayan distinguido por su honestidad, buena fama p\u00fablica, competencia y preparaci\u00f3n acad\u00e9mica y profesional en el ejercicio de la actividad jur\u00eddica.<\/span><\/p>\n<p style=\"font-weight: 400;\"><span style=\"font-size: 1rem;\">Posteriormente, integrar un listado de las diez personas mejor evaluadas para cada cargo de magistraturas y seis personas para el cargo de juezas y jueces de Primera Instancia, a lo que seguir\u00e1 la depuraci\u00f3n de dicho listado mediante insaculaci\u00f3n p\u00fablica, a fin de ajustarlo al n\u00famero de postulaciones para cada cargo, observando la paridad de g\u00e9nero, y despu\u00e9s de ajustados los listados, remitirlos a la autoridad que represente a cada poder del Estado, para su aprobaci\u00f3n y env\u00edo a este Congreso.<\/span><\/p>\n","protected":false},"excerpt":{"rendered":"<p>* Reciben sus integrantes las notificaciones y el acuerdo de creaci\u00f3n de este \u00f3rgano e inician sus funciones. Xalapa, Ver.- Este d\u00eda, qued\u00f3 instalado e inici\u00f3 sus funciones el Comit\u00e9 de Evaluaci\u00f3n del Poder Legislativo del estado de Veracruz, encargado del proceso de evaluaci\u00f3n y selecci\u00f3n de postulaciones para la elecci\u00f3n de personas juzgadoras en [&hellip;]<\/p>\n","protected":false},"author":2476,"featured_media":63159,"comment_status":"open","ping_status":"open","sticky":false,"template":"","format":"standard","meta":{"_jetpack_memberships_contains_paid_content":false,"footnotes":""},"categories":[2],"tags":[],"class_list":["post-63158","post","type-post","status-publish","format-standard","has-post-thumbnail","hentry","category-estado"],"jetpack_featured_media_url":"https:\/\/encuentroinformativo.com.mx\/wp-content\/uploads\/2025\/01\/NOV28ENE2025COMITE22.jpeg","jetpack_sharing_enabled":true,"jetpack_likes_enabled":true,"amp_enabled":true,"_links":{"self":[{"href":"https:\/\/encuentroinformativo.com.mx\/index.php?rest_route=\/wp\/v2\/posts\/63158","targetHints":{"allow":["GET"]}}],"collection":[{"href":"https:\/\/encuentroinformativo.com.mx\/index.php?rest_route=\/wp\/v2\/posts"}],"about":[{"href":"https:\/\/encuentroinformativo.com.mx\/index.php?rest_route=\/wp\/v2\/types\/post"}],"author":[{"embeddable":true,"href":"https:\/\/encuentroinformativo.com.mx\/index.php?rest_route=\/wp\/v2\/users\/2476"}],"replies":[{"embeddable":true,"href":"https:\/\/encuentroinformativo.com.mx\/index.php?rest_route=%2Fwp%2Fv2%2Fcomments&post=63158"}],"version-history":[{"count":1,"href":"https:\/\/encuentroinformativo.com.mx\/index.php?rest_route=\/wp\/v2\/posts\/63158\/revisions"}],"predecessor-version":[{"id":63160,"href":"https:\/\/encuentroinformativo.com.mx\/index.php?rest_route=\/wp\/v2\/posts\/63158\/revisions\/63160"}],"wp:featuredmedia":[{"embeddable":true,"href":"https:\/\/encuentroinformativo.com.mx\/index.php?rest_route=\/wp\/v2\/media\/63159"}],"wp:attachment":[{"href":"https:\/\/encuentroinformativo.com.mx\/index.php?rest_route=%2Fwp%2Fv2%2Fmedia&parent=63158"}],"wp:term":[{"taxonomy":"category","embeddable":true,"href":"https:\/\/encuentroinformativo.com.mx\/index.php?rest_route=%2Fwp%2Fv2%2Fcategories&post=63158"},{"taxonomy":"post_tag","embeddable":true,"href":"https:\/\/encuentroinformativo.com.mx\/index.php?rest_route=%2Fwp%2Fv2%2Ftags&post=63158"}],"curies":[{"name":"wp","href":"https:\/\/api.w.org\/{rel}","templated":true}]}}