{"id":6316,"date":"2020-09-29T14:44:00","date_gmt":"2020-09-29T19:44:00","guid":{"rendered":"https:\/\/encuentroinformativo.com.mx\/?p=6316"},"modified":"2020-09-29T14:44:04","modified_gmt":"2020-09-29T19:44:04","slug":"nueve-municipios-registran-afectaciones-por-paso-de-frente-frio","status":"publish","type":"post","link":"https:\/\/encuentroinformativo.com.mx\/?p=6316","title":{"rendered":"Nueve municipios registran afectaciones por paso de Frente Fr\u00edo"},"content":{"rendered":"\n<p><strong>Juan Arcos <\/strong><\/p>\n\n\n\n<p>Xalapa, Ver.- Las fuertes lluvias derivadas del frente fr\u00edo n\u00famero 4 ocasionaron afectaciones en nueve municipios del estado de Veracruz.<\/p>\n\n\n\n<p>La Secretar\u00eda de Protecci\u00f3n Civil inform\u00f3 que el frente fr\u00edo mencionado a\u00fan se encuentra en territorio veracruzano y que el evento de norte tambi\u00e9n ha generado da\u00f1os.<\/p>\n\n\n\n<p>Se report\u00f3 alg\u00fan tipo de afectaci\u00f3n en Nautla, Papantla, Mart\u00ednez de la Torre, Espinal, Chiconquiaco, Yecuatla, Los Reyes, Misantla y Xalapa.<\/p>\n\n\n\n<p>Se tiene registro de derrumbes, ca\u00edda de \u00e1rboles y viviendas afectadas por inundaciones.<\/p>\n\n\n\n<p>En la capital del estado cayeron dos \u00e1rboles: uno al interior de la Universidad de Xalapa (UX), que no gener\u00f3 da\u00f1os considerables, y otro sobre la avenida Ruiz Cortines, mismo que obstaculiz\u00f3 la vialidad.<\/p>\n\n\n\n<p>En Nautla, se realiz\u00f3 un recorrido de verificaci\u00f3n por corrientes desbordadas en las comunidades de Huanal, Barra de Palma y la Uni\u00f3n, sin detectar viviendas afectadas. Los niveles de los r\u00edos han aumentado y se mantienen monitoreados por las fuerzas de tarea en el lugar.<\/p>\n\n\n\n<p>Se report\u00f3 un derrumbe sobre la carretera Papantla-Poza Rica, a la altura del kil\u00f3metro 18, obstruyendo un carril. Una persona result\u00f3 lesionada al circular en motocicleta al momento del derrumbe, por lo que fue trasladado a un hospital para su valoraci\u00f3n m\u00e9dica.<\/p>\n\n\n\n<p>En Mart\u00ednez de la Torre se contabilizaron, de manera preliminar, 15 viviendas afectadas por anegaci\u00f3n en la colonia Ricardo Flores Mag\u00f3n, por la corriente desbordada del R\u00edo Pedernales.<\/p>\n\n\n\n<p>En Espinal se report\u00f3 la ca\u00edda de un \u00e1rbol en la calle Reforma de la Cabecera Municipal, sobre un poste de la Comisi\u00f3n Federal de Electricidad (CFE), ocasionando un corte de energ\u00eda el\u00e9ctrica en la zona, que ya fue atendido.<\/p>\n\n\n\n<p>En Chiconquiaco, una vivienda result\u00f3 afectada por un deslave sobre la calle Juchique de Ferrer de la colonia Los Carriles, sin personas lesionadas.<\/p>\n\n\n\n<p>Se report\u00f3 un derrumbe sobre la carretera Misantla\u2013Xalapa, a la altura del municipio de Yecuatla, obstruyendo un carril. Tambi\u00e9n cayeron dos \u00e1rboles sobre la carretera Misantla\u2013Xalapa, a la altura de la comunidad Santa Julia y carretera Yecuatla a la altura de Plan de Almanza.<\/p>\n\n\n\n<p>En Los Reyes ocurri\u00f3 un derrumbe sobre la carretera federal Zongolica\u2013Orizaba, a la altura de la comunidad Tlanestla, obstruyendo parcialmente la vialidad.<\/p>\n\n\n\n<p>En Misantla, un \u00e1rbol cay\u00f3 sobre la carretera Mart\u00ednez de la Torre\u2013Misantla, a la altura del tramo Sicod\u00e9lico y la Primavera. Adem\u00e1s, se registr\u00f3 un hundimiento en la carretera Misantla- Pueblo Viejo, a la altura del tramo a la desviaci\u00f3n de La Lima.<\/p>\n\n\n\n<p>La Secretar\u00eda de Protecci\u00f3n Civil exhort\u00f3 a la poblaci\u00f3n a extremar sus precauciones ante los riesgos propios de sus comunidades ante vientos y lluvias, como inundaciones, deslaves y derrumbes.<\/p>\n\n\n\n<p>\u201cMantenemos la vigilancia de los niveles de los r\u00edos en todo el estado de manera coordinada con las Fuerzas de Tarea\u201d, expuso en un comunicado.<\/p>\n","protected":false},"excerpt":{"rendered":"<p>Juan Arcos Xalapa, Ver.- Las fuertes lluvias derivadas del frente fr\u00edo n\u00famero 4 ocasionaron afectaciones en nueve municipios del estado de Veracruz. La Secretar\u00eda de Protecci\u00f3n Civil inform\u00f3 que el frente fr\u00edo mencionado a\u00fan se encuentra en territorio veracruzano y que el evento de norte tambi\u00e9n ha generado da\u00f1os. Se report\u00f3 alg\u00fan tipo de afectaci\u00f3n [&hellip;]<\/p>\n","protected":false},"author":1,"featured_media":6317,"comment_status":"open","ping_status":"open","sticky":false,"template":"","format":"standard","meta":{"_jetpack_memberships_contains_paid_content":false,"footnotes":""},"categories":[2],"tags":[],"class_list":["post-6316","post","type-post","status-publish","format-standard","has-post-thumbnail","hentry","category-estado"],"jetpack_featured_media_url":"https:\/\/encuentroinformativo.com.mx\/wp-content\/uploads\/2020\/09\/47718DB8-94B1-4DD7-B94E-33AF3CE61E26.jpeg","jetpack_sharing_enabled":true,"jetpack_likes_enabled":true,"amp_enabled":true,"_links":{"self":[{"href":"https:\/\/encuentroinformativo.com.mx\/index.php?rest_route=\/wp\/v2\/posts\/6316","targetHints":{"allow":["GET"]}}],"collection":[{"href":"https:\/\/encuentroinformativo.com.mx\/index.php?rest_route=\/wp\/v2\/posts"}],"about":[{"href":"https:\/\/encuentroinformativo.com.mx\/index.php?rest_route=\/wp\/v2\/types\/post"}],"author":[{"embeddable":true,"href":"https:\/\/encuentroinformativo.com.mx\/index.php?rest_route=\/wp\/v2\/users\/1"}],"replies":[{"embeddable":true,"href":"https:\/\/encuentroinformativo.com.mx\/index.php?rest_route=%2Fwp%2Fv2%2Fcomments&post=6316"}],"version-history":[{"count":1,"href":"https:\/\/encuentroinformativo.com.mx\/index.php?rest_route=\/wp\/v2\/posts\/6316\/revisions"}],"predecessor-version":[{"id":6318,"href":"https:\/\/encuentroinformativo.com.mx\/index.php?rest_route=\/wp\/v2\/posts\/6316\/revisions\/6318"}],"wp:featuredmedia":[{"embeddable":true,"href":"https:\/\/encuentroinformativo.com.mx\/index.php?rest_route=\/wp\/v2\/media\/6317"}],"wp:attachment":[{"href":"https:\/\/encuentroinformativo.com.mx\/index.php?rest_route=%2Fwp%2Fv2%2Fmedia&parent=6316"}],"wp:term":[{"taxonomy":"category","embeddable":true,"href":"https:\/\/encuentroinformativo.com.mx\/index.php?rest_route=%2Fwp%2Fv2%2Fcategories&post=6316"},{"taxonomy":"post_tag","embeddable":true,"href":"https:\/\/encuentroinformativo.com.mx\/index.php?rest_route=%2Fwp%2Fv2%2Ftags&post=6316"}],"curies":[{"name":"wp","href":"https:\/\/api.w.org\/{rel}","templated":true}]}}