{"id":63182,"date":"2025-01-29T14:10:49","date_gmt":"2025-01-29T20:10:49","guid":{"rendered":"https:\/\/encuentroinformativo.com.mx\/?p=63182"},"modified":"2025-01-29T14:10:49","modified_gmt":"2025-01-29T20:10:49","slug":"invitan-a-feria-del-tamal-en-perote-2","status":"publish","type":"post","link":"https:\/\/encuentroinformativo.com.mx\/?p=63182","title":{"rendered":"Invitan a Feria del Tamal en Perote"},"content":{"rendered":"<p><strong style=\"font-size: 1rem;\">Dar\u00edo Pale<\/strong><\/p>\n<p>Xalapa, Ver.- Invitan a la ciudadan\u00eda para que asista a la \u201cQuinta Feria del Tamal Perote 2025\u201d el cual se llevar\u00e1 a cabo el 1 y 2 de febrero en la explanada del parque Ju\u00e1rez del municipio de Perote, asi lo dio a conocer la organizadora del evento Yesenia Mata.<\/p>\n<p>En conferencia de prensa inform\u00f3 que, \u201ccontando con m\u00e1s de 30 expositores de tamal y donde tambi\u00e9n tendremos el \u00e1rea comercial y de artesanos de Perote y la regi\u00f3n, con marcas comerciales tambi\u00e9n dentro de lo que es joyer\u00eda, perfumes, entre mucha variedad m\u00e1s de productos\u201d.<\/p>\n<p>Dijo que habr\u00e1 una gran cantidad y variedad de sabores, as\u00ed como de oferta gastron\u00f3mica de tamales, ya que contar\u00e1n con tamales de camar\u00f3n, nutella, gansito, chocorrol, rajas, verde, torta de tamal, entre otros, y los precios ir\u00e1n desde los 20 pesos y estar\u00e1n ofertando sus productos de 8:00 a 21:00 horas.<\/p>\n<p>Finalmente destac\u00f3 que este evento estar\u00e1 conformado de expositores locales, que a trav\u00e9s de este evento anual detonan su econom\u00eda gracias a la afluencia de gente durante el fin de semana, as\u00ed como tambi\u00e9n de los comercios establecidos.<\/p>\n","protected":false},"excerpt":{"rendered":"<p>Dar\u00edo Pale Xalapa, Ver.- Invitan a la ciudadan\u00eda para que asista a la \u201cQuinta Feria del Tamal Perote 2025\u201d el cual se llevar\u00e1 a cabo el 1 y 2 de febrero en la explanada del parque Ju\u00e1rez del municipio de Perote, asi lo dio a conocer la organizadora del evento Yesenia Mata. En conferencia de [&hellip;]<\/p>\n","protected":false},"author":2476,"featured_media":63183,"comment_status":"open","ping_status":"open","sticky":false,"template":"","format":"standard","meta":{"_jetpack_memberships_contains_paid_content":false,"footnotes":""},"categories":[8],"tags":[],"class_list":["post-63182","post","type-post","status-publish","format-standard","has-post-thumbnail","hentry","category-region"],"jetpack_featured_media_url":"https:\/\/encuentroinformativo.com.mx\/wp-content\/uploads\/2025\/01\/IMG-20250129-WA0224.jpg","jetpack_sharing_enabled":true,"jetpack_likes_enabled":true,"amp_enabled":true,"_links":{"self":[{"href":"https:\/\/encuentroinformativo.com.mx\/index.php?rest_route=\/wp\/v2\/posts\/63182","targetHints":{"allow":["GET"]}}],"collection":[{"href":"https:\/\/encuentroinformativo.com.mx\/index.php?rest_route=\/wp\/v2\/posts"}],"about":[{"href":"https:\/\/encuentroinformativo.com.mx\/index.php?rest_route=\/wp\/v2\/types\/post"}],"author":[{"embeddable":true,"href":"https:\/\/encuentroinformativo.com.mx\/index.php?rest_route=\/wp\/v2\/users\/2476"}],"replies":[{"embeddable":true,"href":"https:\/\/encuentroinformativo.com.mx\/index.php?rest_route=%2Fwp%2Fv2%2Fcomments&post=63182"}],"version-history":[{"count":1,"href":"https:\/\/encuentroinformativo.com.mx\/index.php?rest_route=\/wp\/v2\/posts\/63182\/revisions"}],"predecessor-version":[{"id":63184,"href":"https:\/\/encuentroinformativo.com.mx\/index.php?rest_route=\/wp\/v2\/posts\/63182\/revisions\/63184"}],"wp:featuredmedia":[{"embeddable":true,"href":"https:\/\/encuentroinformativo.com.mx\/index.php?rest_route=\/wp\/v2\/media\/63183"}],"wp:attachment":[{"href":"https:\/\/encuentroinformativo.com.mx\/index.php?rest_route=%2Fwp%2Fv2%2Fmedia&parent=63182"}],"wp:term":[{"taxonomy":"category","embeddable":true,"href":"https:\/\/encuentroinformativo.com.mx\/index.php?rest_route=%2Fwp%2Fv2%2Fcategories&post=63182"},{"taxonomy":"post_tag","embeddable":true,"href":"https:\/\/encuentroinformativo.com.mx\/index.php?rest_route=%2Fwp%2Fv2%2Ftags&post=63182"}],"curies":[{"name":"wp","href":"https:\/\/api.w.org\/{rel}","templated":true}]}}