{"id":63191,"date":"2025-01-29T14:33:50","date_gmt":"2025-01-29T20:33:50","guid":{"rendered":"https:\/\/encuentroinformativo.com.mx\/?p=63191"},"modified":"2025-01-29T14:33:50","modified_gmt":"2025-01-29T20:33:50","slug":"pedira-pepin-ruiz-que-ayuntamiento-pague-gastos-funerarios-de-jarochos","status":"publish","type":"post","link":"https:\/\/encuentroinformativo.com.mx\/?p=63191","title":{"rendered":"Pedir\u00e1 Pep\u00edn Ruiz que Ayuntamiento pague gastos funerarios de jarochos"},"content":{"rendered":"<p><strong style=\"font-size: 1rem;\">Alejandro \u00c1vila<\/strong><\/p>\n<p>Veracruz, Ver.- El diputado local, Jos\u00e9 Ricardo Ruiz Carmona, dijo en conferencia de prensa que presentar\u00e1 una iniciativa en el Congreso de Veracruz, para que el Ayuntamiento de Veracruz cubra los gastos funerarios de los jarochos que se encuentran en situaci\u00f3n vulnerable.<\/p>\n<p>&#8220;A trav\u00e9s de este anteproyecto de punto de acuerdo voy a exhortar al Ayuntamiento de Veracruz que destine una partida presupuestal especial, dos opciones, hacer un contrato con varias de las funerarias ya existentes en el puerto de Veracruz de bajo costo, para dar estos servicios de forma gratuita a las familias m\u00e1s vulnerables del puerto&#8221;, subray\u00f3.<\/p>\n<p>El legislador veracruzano detall\u00f3 que, tan solo en el puerto de Veracruz entre 18 y 19 personas diarias, seg\u00fan los censos; aclarando que, no todas esas personas tienen la necesidad de un apoyo para cubrir los gastos funerarios.<\/p>\n<p>&#8220;Un servicio b\u00e1sico, un paquete b\u00e1sico en esas funerarias de bajo costo, sale entre 5 mil, 6 mil, 7 mil hasta 8 mil pesos, entre 5 &#8211; 8 mil pesos, si les ayudamos a 3 &#8211; 4 personas al d\u00eda con esos paquetes b\u00e1sicos, no es un gasto muy oneroso para el Ayuntamiento, se puede cubrir f\u00e1cilmente y estaremos d\u00e1ndole a nuestra gente la oportunidad de morir dignamente&#8221;, culmin\u00f3.<\/p>\n","protected":false},"excerpt":{"rendered":"<p>Alejandro \u00c1vila Veracruz, Ver.- El diputado local, Jos\u00e9 Ricardo Ruiz Carmona, dijo en conferencia de prensa que presentar\u00e1 una iniciativa en el Congreso de Veracruz, para que el Ayuntamiento de Veracruz cubra los gastos funerarios de los jarochos que se encuentran en situaci\u00f3n vulnerable. &#8220;A trav\u00e9s de este anteproyecto de punto de acuerdo voy a [&hellip;]<\/p>\n","protected":false},"author":2476,"featured_media":63192,"comment_status":"open","ping_status":"open","sticky":false,"template":"","format":"standard","meta":{"_jetpack_memberships_contains_paid_content":false,"footnotes":""},"categories":[2],"tags":[],"class_list":["post-63191","post","type-post","status-publish","format-standard","has-post-thumbnail","hentry","category-estado"],"jetpack_featured_media_url":"https:\/\/encuentroinformativo.com.mx\/wp-content\/uploads\/2025\/01\/IMG-20250129-WA02652.jpg","jetpack_sharing_enabled":true,"jetpack_likes_enabled":true,"amp_enabled":true,"_links":{"self":[{"href":"https:\/\/encuentroinformativo.com.mx\/index.php?rest_route=\/wp\/v2\/posts\/63191","targetHints":{"allow":["GET"]}}],"collection":[{"href":"https:\/\/encuentroinformativo.com.mx\/index.php?rest_route=\/wp\/v2\/posts"}],"about":[{"href":"https:\/\/encuentroinformativo.com.mx\/index.php?rest_route=\/wp\/v2\/types\/post"}],"author":[{"embeddable":true,"href":"https:\/\/encuentroinformativo.com.mx\/index.php?rest_route=\/wp\/v2\/users\/2476"}],"replies":[{"embeddable":true,"href":"https:\/\/encuentroinformativo.com.mx\/index.php?rest_route=%2Fwp%2Fv2%2Fcomments&post=63191"}],"version-history":[{"count":1,"href":"https:\/\/encuentroinformativo.com.mx\/index.php?rest_route=\/wp\/v2\/posts\/63191\/revisions"}],"predecessor-version":[{"id":63193,"href":"https:\/\/encuentroinformativo.com.mx\/index.php?rest_route=\/wp\/v2\/posts\/63191\/revisions\/63193"}],"wp:featuredmedia":[{"embeddable":true,"href":"https:\/\/encuentroinformativo.com.mx\/index.php?rest_route=\/wp\/v2\/media\/63192"}],"wp:attachment":[{"href":"https:\/\/encuentroinformativo.com.mx\/index.php?rest_route=%2Fwp%2Fv2%2Fmedia&parent=63191"}],"wp:term":[{"taxonomy":"category","embeddable":true,"href":"https:\/\/encuentroinformativo.com.mx\/index.php?rest_route=%2Fwp%2Fv2%2Fcategories&post=63191"},{"taxonomy":"post_tag","embeddable":true,"href":"https:\/\/encuentroinformativo.com.mx\/index.php?rest_route=%2Fwp%2Fv2%2Ftags&post=63191"}],"curies":[{"name":"wp","href":"https:\/\/api.w.org\/{rel}","templated":true}]}}