{"id":63197,"date":"2025-01-29T18:49:47","date_gmt":"2025-01-30T00:49:47","guid":{"rendered":"https:\/\/encuentroinformativo.com.mx\/?p=63197"},"modified":"2025-01-29T18:49:47","modified_gmt":"2025-01-30T00:49:47","slug":"exhiben-en-el-congreso-del-estado-artesanias-de-la-region-de-coatepec","status":"publish","type":"post","link":"https:\/\/encuentroinformativo.com.mx\/?p=63197","title":{"rendered":"Exhiben en el Congreso del Estado artesan\u00edas de la regi\u00f3n de Coatepec"},"content":{"rendered":"<p><strong>* A invitaci\u00f3n del diputado Ram\u00f3n D\u00edaz \u00c1vila, este 29, 30 y 31 de enero, emprendedores y artesanos de Coatepec expondr\u00e1n sus productos en el Palacio Legislativo.<\/strong><\/p>\n<p style=\"font-weight: 400;\"><span style=\"font-size: 1rem;\">Xalapa, Ver.- Con la finalidad de impulsar el comercio local de artesan\u00edas y productos t\u00edpicos de la regi\u00f3n, el representante del Distrito XII de Coatepec, diputado Ram\u00f3n D\u00edaz \u00c1vila, inaugur\u00f3 una expo artesanal en las instalaciones del Palacio Legislativo.<\/span><\/p>\n<p style=\"font-weight: 400;\"><span style=\"font-size: 1rem;\">Como representantes populares tenemos el firme compromiso de impulsar a mujeres y hombres cuyas manifestaciones art\u00edsticas y emprendimientos favorezcan la econom\u00eda de las localidades, afirm\u00f3 el legislador al dar la bienvenida a las y los expositores.<\/span><\/p>\n<p style=\"font-weight: 400;\"><span style=\"font-size: 1rem;\">Acompa\u00f1ado de las legisladoras Dulce Mar\u00eda Hern\u00e1ndez Tepole y Elizabeth Morales Garc\u00eda y del diputado Luis Vicente Aguilar Castillo, el diputado D\u00edaz \u00c1vila ofreci\u00f3 a las y los artesanos el apoyo para que, a trav\u00e9s de las diferentes comisiones legislativas, pueda darse asesor\u00eda para adquirir patentes y sellos oficiales, \u201co bien guiarlos en los tr\u00e1mites ante la Secretar\u00eda de Econom\u00eda e iniciar con la comercializaci\u00f3n de sus productos a gran escala\u201d, expuso.<\/span><\/p>\n<p style=\"font-weight: 400;\"><span style=\"font-size: 1rem;\">Finalmente, record\u00f3 que en diversas zonas de la entidad existen otro tipo de artesan\u00edas y manualidades de igual belleza y creatividad, por lo que, indic\u00f3, \u201cdebe fortalecerse los trabajos de todas las regiones, a trav\u00e9s de una fiesta regional y emblem\u00e1tica para que cada uno de los artesanos puedan mostrar sus productos y que todo M\u00e9xico y el mundo los conozcan\u201d, concluy\u00f3.<\/span><\/p>\n<p style=\"font-weight: 400;\"><span style=\"font-size: 1rem;\">La exposici\u00f3n de manualidades y artesan\u00edas consta de trabajos de tejido, confecci\u00f3n de ropa, pintura en prendas, velas artesanales, dulces t\u00edpicos, manteles, chocolater\u00eda, productos de belleza, joyer\u00eda, jardiner\u00eda, madera tallada, bolsas en diversos materiales, entre otras.<\/span><\/p>\n<p style=\"font-weight: 400;\"><span style=\"font-size: 1rem;\">Esta muestra estar\u00e1 abierta al p\u00fablico del 29 al 31 de enero, del presente a\u00f1o, en horario de 09:00 a 18:00 horas.<\/span><\/p>\n<p><img loading=\"lazy\" decoding=\"async\" class=\"alignnone size-medium wp-image-63199\" src=\"https:\/\/encuentroinformativo.com.mx\/wp-content\/uploads\/2025\/01\/NOV29ENERO2025ART.3-300x200.jpeg\" alt=\"\" width=\"300\" height=\"200\" srcset=\"https:\/\/encuentroinformativo.com.mx\/wp-content\/uploads\/2025\/01\/NOV29ENERO2025ART.3-300x200.jpeg 300w, https:\/\/encuentroinformativo.com.mx\/wp-content\/uploads\/2025\/01\/NOV29ENERO2025ART.3-1024x684.jpeg 1024w, https:\/\/encuentroinformativo.com.mx\/wp-content\/uploads\/2025\/01\/NOV29ENERO2025ART.3-768x513.jpeg 768w, https:\/\/encuentroinformativo.com.mx\/wp-content\/uploads\/2025\/01\/NOV29ENERO2025ART.3-1536x1025.jpeg 1536w, https:\/\/encuentroinformativo.com.mx\/wp-content\/uploads\/2025\/01\/NOV29ENERO2025ART.3.jpeg 1600w\" sizes=\"auto, (max-width: 300px) 100vw, 300px\" \/><\/p>\n<p style=\"font-weight: 400;\">\n","protected":false},"excerpt":{"rendered":"<p>* A invitaci\u00f3n del diputado Ram\u00f3n D\u00edaz \u00c1vila, este 29, 30 y 31 de enero, emprendedores y artesanos de Coatepec expondr\u00e1n sus productos en el Palacio Legislativo. Xalapa, Ver.- Con la finalidad de impulsar el comercio local de artesan\u00edas y productos t\u00edpicos de la regi\u00f3n, el representante del Distrito XII de Coatepec, diputado Ram\u00f3n D\u00edaz [&hellip;]<\/p>\n","protected":false},"author":2476,"featured_media":63198,"comment_status":"open","ping_status":"open","sticky":false,"template":"","format":"standard","meta":{"_jetpack_memberships_contains_paid_content":false,"footnotes":""},"categories":[8],"tags":[],"class_list":["post-63197","post","type-post","status-publish","format-standard","has-post-thumbnail","hentry","category-region"],"jetpack_featured_media_url":"https:\/\/encuentroinformativo.com.mx\/wp-content\/uploads\/2025\/01\/NOV29ENERO2025ART.4.jpeg","jetpack_sharing_enabled":true,"jetpack_likes_enabled":true,"amp_enabled":true,"_links":{"self":[{"href":"https:\/\/encuentroinformativo.com.mx\/index.php?rest_route=\/wp\/v2\/posts\/63197","targetHints":{"allow":["GET"]}}],"collection":[{"href":"https:\/\/encuentroinformativo.com.mx\/index.php?rest_route=\/wp\/v2\/posts"}],"about":[{"href":"https:\/\/encuentroinformativo.com.mx\/index.php?rest_route=\/wp\/v2\/types\/post"}],"author":[{"embeddable":true,"href":"https:\/\/encuentroinformativo.com.mx\/index.php?rest_route=\/wp\/v2\/users\/2476"}],"replies":[{"embeddable":true,"href":"https:\/\/encuentroinformativo.com.mx\/index.php?rest_route=%2Fwp%2Fv2%2Fcomments&post=63197"}],"version-history":[{"count":1,"href":"https:\/\/encuentroinformativo.com.mx\/index.php?rest_route=\/wp\/v2\/posts\/63197\/revisions"}],"predecessor-version":[{"id":63200,"href":"https:\/\/encuentroinformativo.com.mx\/index.php?rest_route=\/wp\/v2\/posts\/63197\/revisions\/63200"}],"wp:featuredmedia":[{"embeddable":true,"href":"https:\/\/encuentroinformativo.com.mx\/index.php?rest_route=\/wp\/v2\/media\/63198"}],"wp:attachment":[{"href":"https:\/\/encuentroinformativo.com.mx\/index.php?rest_route=%2Fwp%2Fv2%2Fmedia&parent=63197"}],"wp:term":[{"taxonomy":"category","embeddable":true,"href":"https:\/\/encuentroinformativo.com.mx\/index.php?rest_route=%2Fwp%2Fv2%2Fcategories&post=63197"},{"taxonomy":"post_tag","embeddable":true,"href":"https:\/\/encuentroinformativo.com.mx\/index.php?rest_route=%2Fwp%2Fv2%2Ftags&post=63197"}],"curies":[{"name":"wp","href":"https:\/\/api.w.org\/{rel}","templated":true}]}}