{"id":63209,"date":"2025-01-30T11:01:00","date_gmt":"2025-01-30T17:01:00","guid":{"rendered":"https:\/\/encuentroinformativo.com.mx\/?p=63209"},"modified":"2025-01-30T11:01:00","modified_gmt":"2025-01-30T17:01:00","slug":"detiene-ejercito-a-elemento-de-la-policia-ministerial-en-coatzacoalcos","status":"publish","type":"post","link":"https:\/\/encuentroinformativo.com.mx\/?p=63209","title":{"rendered":"Detiene ej\u00e9rcito a elemento de la Polic\u00eda Ministerial en Coatzacoalcos"},"content":{"rendered":"<p><strong style=\"font-size: 1rem;\">Dar\u00edo Pale<\/strong><\/p>\n<p>Xalapa, Ver.- Un elemento de la polic\u00eda ministerial fue detenido por personal del Ej\u00e9rcito Mexicano tras agredir y amenazar a dos familiares del fallecido, esto en medio de las investigaciones por el asesinato de Alfonso Hern\u00e1ndez en el puerto de Coatzacoalcos, la noche de este mi\u00e9rcoles.<\/p>\n<p>Seg\u00fan algunas versiones de los presentes en el lugar, se\u00f1alaron que el polic\u00eda ministerial se present\u00f3 de forma agresiva con los familiares de la v\u00edctima, ya que los amenaz\u00f3 y haciendo declaraciones de intimidaci\u00f3n como, \u201cno sabes con qui\u00e9n te metes, no sabes para qui\u00e9n trabajo\u201d, habr\u00eda dicho antes de golpearlos.<\/p>\n<p>La situaci\u00f3n r\u00e1pidamente gener\u00f3 indignaci\u00f3n entre los presentes, provocando gritos y reclamos de la poblaci\u00f3n contra los elementos ministeriales y la Polic\u00eda Estatal, quienes, a pesar de presenciar los hechos, no intervinieron.<\/p>\n<p>Ante el enojo de los ciudadanos, personal del Tercer Batall\u00f3n de Infanter\u00eda arrib\u00f3 al lugar para dialogar con los vecinos, quienes exig\u00edan la identificaci\u00f3n del oficial y su entrega para hacer justicia por su propia mano.<\/p>\n<p>Gracias a la intervenci\u00f3n del personal castrense, la situaci\u00f3n fue controlada sin que ocurrieran mayores incidentes. Los militares procedieron a desarmar y detener al elemento ministerial, traslad\u00e1ndose a las oficinas de Procuraci\u00f3n de Justicia del Puerto de Coatzacoalcos.<\/p>\n<p>Los familiares agredidos han manifestado su intenci\u00f3n de interponer denuncias formales en su contra por abuso de autoridad, amenazas y lesiones.<\/p>\n<p>Cabe se\u00f1alar que el caso ha generado gran indignaci\u00f3n en la comunidad, quienes exigen que se tomen medidas ejemplares para evitar que situaciones de abuso policial sigan ocurriendo en la ciudad.<\/p>\n","protected":false},"excerpt":{"rendered":"<p>Dar\u00edo Pale Xalapa, Ver.- Un elemento de la polic\u00eda ministerial fue detenido por personal del Ej\u00e9rcito Mexicano tras agredir y amenazar a dos familiares del fallecido, esto en medio de las investigaciones por el asesinato de Alfonso Hern\u00e1ndez en el puerto de Coatzacoalcos, la noche de este mi\u00e9rcoles. Seg\u00fan algunas versiones de los presentes en [&hellip;]<\/p>\n","protected":false},"author":2476,"featured_media":63210,"comment_status":"open","ping_status":"open","sticky":false,"template":"","format":"standard","meta":{"_jetpack_memberships_contains_paid_content":false,"footnotes":""},"categories":[14],"tags":[],"class_list":["post-63209","post","type-post","status-publish","format-standard","has-post-thumbnail","hentry","category-policiaca"],"jetpack_featured_media_url":"https:\/\/encuentroinformativo.com.mx\/wp-content\/uploads\/2025\/01\/IMG-20250130-WA0043.jpg","jetpack_sharing_enabled":true,"jetpack_likes_enabled":true,"amp_enabled":true,"_links":{"self":[{"href":"https:\/\/encuentroinformativo.com.mx\/index.php?rest_route=\/wp\/v2\/posts\/63209","targetHints":{"allow":["GET"]}}],"collection":[{"href":"https:\/\/encuentroinformativo.com.mx\/index.php?rest_route=\/wp\/v2\/posts"}],"about":[{"href":"https:\/\/encuentroinformativo.com.mx\/index.php?rest_route=\/wp\/v2\/types\/post"}],"author":[{"embeddable":true,"href":"https:\/\/encuentroinformativo.com.mx\/index.php?rest_route=\/wp\/v2\/users\/2476"}],"replies":[{"embeddable":true,"href":"https:\/\/encuentroinformativo.com.mx\/index.php?rest_route=%2Fwp%2Fv2%2Fcomments&post=63209"}],"version-history":[{"count":2,"href":"https:\/\/encuentroinformativo.com.mx\/index.php?rest_route=\/wp\/v2\/posts\/63209\/revisions"}],"predecessor-version":[{"id":63212,"href":"https:\/\/encuentroinformativo.com.mx\/index.php?rest_route=\/wp\/v2\/posts\/63209\/revisions\/63212"}],"wp:featuredmedia":[{"embeddable":true,"href":"https:\/\/encuentroinformativo.com.mx\/index.php?rest_route=\/wp\/v2\/media\/63210"}],"wp:attachment":[{"href":"https:\/\/encuentroinformativo.com.mx\/index.php?rest_route=%2Fwp%2Fv2%2Fmedia&parent=63209"}],"wp:term":[{"taxonomy":"category","embeddable":true,"href":"https:\/\/encuentroinformativo.com.mx\/index.php?rest_route=%2Fwp%2Fv2%2Fcategories&post=63209"},{"taxonomy":"post_tag","embeddable":true,"href":"https:\/\/encuentroinformativo.com.mx\/index.php?rest_route=%2Fwp%2Fv2%2Ftags&post=63209"}],"curies":[{"name":"wp","href":"https:\/\/api.w.org\/{rel}","templated":true}]}}