{"id":6321,"date":"2020-09-29T15:12:53","date_gmt":"2020-09-29T20:12:53","guid":{"rendered":"https:\/\/encuentroinformativo.com.mx\/?p=6321"},"modified":"2020-09-29T15:12:56","modified_gmt":"2020-09-29T20:12:56","slug":"mantiene-proteccion-civil-monitoreo-de-afluentes-en-xalapa","status":"publish","type":"post","link":"https:\/\/encuentroinformativo.com.mx\/?p=6321","title":{"rendered":"Mantiene Protecci\u00f3n Civil monitoreo de afluentes en Xalapa"},"content":{"rendered":"\n<p><strong>Dar\u00edo Pale <\/strong><\/p>\n\n\n\n<p>Xalapa, Ver.- Debido a la entrada del frente fr\u00edo n\u00famero 4 y norte en Xalapa est\u00e1n monitoreando los niveles de los r\u00edos Papas y Carneros ante el incremento de las lluvias que hasta el momento se encuentran en sus niveles normales y refiri\u00f3 que no ha habido afectaciones en la ciudad, as\u00ed lo inform\u00f3 el director de Protecci\u00f3n Civil de Xalapa Jos\u00e9 de Jes\u00fas Vargas Hern\u00e1ndez.<\/p>\n\n\n\n<p>En entrevista se\u00f1al\u00f3 que, \u201cten\u00edamos el reporte de que estuvi\u00e9ramos pendientes durante la noche y madrugada del d\u00eda de hoy, estuvimos pendientes por los efectos del Frente Fr\u00edo n\u00famero 4, al momento no tuvimos ning\u00fan problema\u201d.<\/p>\n\n\n\n<p>Sin embargo, refiri\u00f3 que est\u00e1n monitoreando los r\u00edos Papas y Carneros para ver c\u00f3mo est\u00e1n sus niveles, aunque hasta este momento se encuentran dentro de lo normal.<\/p>\n\n\n\n<p>\u201cNo tenemos taponamientos, no tuvimos \u00e1rboles ca\u00eddos por la noche, los vientos fuertes no est\u00e1n muy pronunciados y esperemos que como lo maneja el reporte meteorol\u00f3gico, en el transcurso del d\u00eda sigamos incrementando tantos vientos como lluvia\u201d, se\u00f1al\u00f3.<\/p>\n\n\n\n<p>Por ello, la recomendaci\u00f3n es que, si la ciudadan\u00eda no tiene a qu\u00e9 salir, se mantenga en sus hogares con todas las medidas de seguridad.<\/p>\n\n\n\n<p>\u201cSi tienen techos de l\u00e1mina asegurarlos y estamos haciendo un recorrido para advertir cualquier situaci\u00f3n de riesgo por espectaculares que se encuentren en riesgo de ca\u00edda y mantenernos atentos a los boletines\u201d, finaliz\u00f3.<\/p>\n","protected":false},"excerpt":{"rendered":"<p>Dar\u00edo Pale Xalapa, Ver.- Debido a la entrada del frente fr\u00edo n\u00famero 4 y norte en Xalapa est\u00e1n monitoreando los niveles de los r\u00edos Papas y Carneros ante el incremento de las lluvias que hasta el momento se encuentran en sus niveles normales y refiri\u00f3 que no ha habido afectaciones en la ciudad, as\u00ed lo [&hellip;]<\/p>\n","protected":false},"author":1,"featured_media":6322,"comment_status":"open","ping_status":"open","sticky":false,"template":"","format":"standard","meta":{"_jetpack_memberships_contains_paid_content":false,"footnotes":""},"categories":[3],"tags":[],"class_list":["post-6321","post","type-post","status-publish","format-standard","has-post-thumbnail","hentry","category-xalapa"],"jetpack_featured_media_url":"https:\/\/encuentroinformativo.com.mx\/wp-content\/uploads\/2020\/09\/B436C495-AC16-4C12-B285-26CBE0DF1F5D.jpeg","jetpack_sharing_enabled":true,"jetpack_likes_enabled":true,"amp_enabled":true,"_links":{"self":[{"href":"https:\/\/encuentroinformativo.com.mx\/index.php?rest_route=\/wp\/v2\/posts\/6321","targetHints":{"allow":["GET"]}}],"collection":[{"href":"https:\/\/encuentroinformativo.com.mx\/index.php?rest_route=\/wp\/v2\/posts"}],"about":[{"href":"https:\/\/encuentroinformativo.com.mx\/index.php?rest_route=\/wp\/v2\/types\/post"}],"author":[{"embeddable":true,"href":"https:\/\/encuentroinformativo.com.mx\/index.php?rest_route=\/wp\/v2\/users\/1"}],"replies":[{"embeddable":true,"href":"https:\/\/encuentroinformativo.com.mx\/index.php?rest_route=%2Fwp%2Fv2%2Fcomments&post=6321"}],"version-history":[{"count":1,"href":"https:\/\/encuentroinformativo.com.mx\/index.php?rest_route=\/wp\/v2\/posts\/6321\/revisions"}],"predecessor-version":[{"id":6323,"href":"https:\/\/encuentroinformativo.com.mx\/index.php?rest_route=\/wp\/v2\/posts\/6321\/revisions\/6323"}],"wp:featuredmedia":[{"embeddable":true,"href":"https:\/\/encuentroinformativo.com.mx\/index.php?rest_route=\/wp\/v2\/media\/6322"}],"wp:attachment":[{"href":"https:\/\/encuentroinformativo.com.mx\/index.php?rest_route=%2Fwp%2Fv2%2Fmedia&parent=6321"}],"wp:term":[{"taxonomy":"category","embeddable":true,"href":"https:\/\/encuentroinformativo.com.mx\/index.php?rest_route=%2Fwp%2Fv2%2Fcategories&post=6321"},{"taxonomy":"post_tag","embeddable":true,"href":"https:\/\/encuentroinformativo.com.mx\/index.php?rest_route=%2Fwp%2Fv2%2Ftags&post=6321"}],"curies":[{"name":"wp","href":"https:\/\/api.w.org\/{rel}","templated":true}]}}