{"id":63213,"date":"2025-01-30T12:28:48","date_gmt":"2025-01-30T18:28:48","guid":{"rendered":"https:\/\/encuentroinformativo.com.mx\/?p=63213"},"modified":"2025-01-30T12:28:48","modified_gmt":"2025-01-30T18:28:48","slug":"identifican-a-delincuentes-abatidos-en-santiago-sochiapan","status":"publish","type":"post","link":"https:\/\/encuentroinformativo.com.mx\/?p=63213","title":{"rendered":"Identifican a delincuentes abatidos en Santiago Sochiapan"},"content":{"rendered":"<p><strong style=\"font-size: 1rem;\">Agencias<\/strong><\/p>\n<p>Santiago Sochiapan, Ver.- Los tres delincuentes abatidos la ma\u00f1ana del mi\u00e9rcoles en Santiago Sochiapan por autoridades federales que llegaron a detener a uno de los responsables de la desaparici\u00f3n de la abogada y activista Sandra Estefana Dom\u00ednguez, eran originarios del estado de Guerrero y formaban parte de la misma estructura delictiva que operaba para el c\u00e1rtel que comandaba Sa\u00edd Viveros Castro, El Cuate Viveros.<\/p>\n<p>El Cuate Viveros era un generador de violencia que fue dado de baja por la Fuerza Civil el pasado 8 de junio en inmediaciones del poblado de Benito Ju\u00e1rez, municipio de Santiago Sochiapan; el Cuate, oriundo de Guerrero, era buscado por los gobiernos de Veracruz y Oaxaca por denuncias en su contra por extorsi\u00f3n a empresas, robo de ganado, cobro de piso, y a lo que se suma el control de la venta de drogas en pueblos asentados en los l\u00edmites de ambos estados.<\/p>\n<p>Despu\u00e9s de que El Cuate y cuatro miembros de su banda son abatidos el a\u00f1o pasado, es reemplazado por otro guerrerense, de nombre Odimir S\u00e1nchez Ben\u00edtez, alias El Cabo, quien actualmente era jefe de Artemio Garc\u00eda Torres, \u201cEl Temo\u201d, el delincuente al que las autoridades de Veracruz y Oaxaca llegaron a buscar a Sochiapan para ejecutarle orden de aprehensi\u00f3n por su posible participaci\u00f3n en la desaparici\u00f3n de la abogada y su pareja sentimental.<\/p>\n<p>Artemio Garc\u00eda Torres, \u201cEl Temo\u201d, empleado de Odirmir S\u00e1nchez Ben\u00edtez, y antes de Said Viveros Castro, El Cuate, era el objetivo principal del operativo que se vio la ma\u00f1ana del mi\u00e9rcoles en inmediaciones de un rancho entre el poblado de Tatahuicapa y Sergio Vera, en Santiago Sochiapan.<\/p>\n<p>Cuando la polic\u00eda lleg\u00f3 tras la pista de El Temo, plenamente identificado como autor material de la desaparici\u00f3n de la abogada y de su pareja, \u00e9l y un grupo de pistoleros abren fuego contra ala polic\u00eda, y matan a un oficial en medio de un enfrentamiento a balazos.<\/p>\n<p>Pero los efectivos federales repelieron la agresi\u00f3n y le dieron muerte a dos pistoleros, dejando herido a alias El Temo, quien muri\u00f3 horas despu\u00e9s a consecuencia de las lesiones.<\/p>\n<p>Se confirma tambi\u00e9n que los dos pistoleros que trataron de evitar la detenci\u00f3n, por medio de orden de aprehensi\u00f3n, de al\u00edas Temo, tambi\u00e9n eran del estado de Guerrero y formaban parte de la misma pandilla.<\/p>\n<p>La polic\u00eda cuenta con evidencia s\u00f3lidas sobre la responsabilidad de esta c\u00e9lula delictiva tras la desaparici\u00f3n de la abogada y su esposo, ocurrida en octubre pasado en el poblado de Mar\u00eda Lombardo de Caso, en el vecino estado de Oaxaca.<\/p>\n<p>Como videos sobre la presencia de veh\u00edculos plenamente identificados con la c\u00e9lula delictiva que comanda Odirmir S\u00e1nchez Benitez, el sucesor de El Cuate Viveros, todos originarios del estado de Guerrero, de donde llegaron militando para c\u00e1rteles de la droga y poner en marcha sus pr\u00e1cticas delictivas en los l\u00edmites de Veracruz y Oaxaca.<\/p>\n<p>En el caso de la desaparici\u00f3n de la abogada Sandra Estefana y su pareja, los delincuentes intentaron confundir a las autoridades abandonando la camioneta que manejaba la pareja al momento de su privaci\u00f3n de la libertad, la cual dejaron en la entrada del municipio de Playa Vicente, a m\u00e1s de 100 kil\u00f3metros de Mar\u00eda Lombardo, que fue el sitio en donde los sicarios de El Cuate Viveros y de Odirmir S\u00e1nchez Benitez levantan a la pareja. La camioneta la dejan en Playa para despistar a la autoridad, igualmente abandonaron en Nigromante el tel\u00e9fono de la abogada, que es el aparato que se encuentra el se\u00f1or Patricio Salvador Vicente, que est\u00e1 preso injustamente por un delito que no cometi\u00f3 y que fue perpetrado, ahora se sabe, por esta c\u00e9lula de guerrerenses avecindados en los l\u00edmites de Veracruz con Oaxaca.<\/p>\n<p>Se indica que est\u00e1 misma c\u00e9lula fue la que mat\u00f3 aun elemento de la Polic\u00eda Municipal de Playa Vicente en agosto de 2024, luego de que los municipales atendieron un reporte sobre disparos con arma de fuego en la comunidad de Paraiso, municipio de Santiago Sochiapan.<\/p>\n<p>A ese evento la municipal de Playa Vicente lleg\u00f3 para atender un reporte sobre disparos de arma de fuego en los l\u00edmites de Playa Vicente y Santiago Sochiapan, cuando la polic\u00eda de Playa Vicente lleg\u00f3 al poblado de Paraiso, en Santiago Sochiapan, son recibidos a balazos por un agresor que mat\u00f3 al elemento de la municipal de Playa Vicente, quien muri\u00f3 en cumpliendo de su deber.<\/p>\n<p>Los oficiales, al repeler la agresi\u00f3n, dan de baja a Francisco Brito Ram\u00edrez, de 40 a\u00f1os alias El Kiko, quien era originario del estado de Guerrero y contaba con una orden de aprehensi\u00f3n vigente en ese estado por el delito de homicidio. En su casa, en el poblado de Para\u00edso, Santiago Sochiapan, encuentran droga y armas de fuego, as\u00ed como cartuchos.<\/p>\n<p>Debe comentarse tambi\u00e9n que Odimir S\u00e1nchez Ben\u00edtez es hermano de Antonio Sanchez Ben\u00edtez, alias El Tijeras, uno de los escoltas del Cuate Viveros que tambi\u00e9n fue dado de baja por la Fuerza Civil en junio pasado.<\/p>\n","protected":false},"excerpt":{"rendered":"<p>Agencias Santiago Sochiapan, Ver.- Los tres delincuentes abatidos la ma\u00f1ana del mi\u00e9rcoles en Santiago Sochiapan por autoridades federales que llegaron a detener a uno de los responsables de la desaparici\u00f3n de la abogada y activista Sandra Estefana Dom\u00ednguez, eran originarios del estado de Guerrero y formaban parte de la misma estructura delictiva que operaba para [&hellip;]<\/p>\n","protected":false},"author":2476,"featured_media":63214,"comment_status":"open","ping_status":"open","sticky":false,"template":"","format":"standard","meta":{"_jetpack_memberships_contains_paid_content":false,"footnotes":""},"categories":[2],"tags":[],"class_list":["post-63213","post","type-post","status-publish","format-standard","has-post-thumbnail","hentry","category-estado"],"jetpack_featured_media_url":"https:\/\/encuentroinformativo.com.mx\/wp-content\/uploads\/2025\/01\/IMG-20250130-WA0088.jpg","jetpack_sharing_enabled":true,"jetpack_likes_enabled":true,"amp_enabled":true,"_links":{"self":[{"href":"https:\/\/encuentroinformativo.com.mx\/index.php?rest_route=\/wp\/v2\/posts\/63213","targetHints":{"allow":["GET"]}}],"collection":[{"href":"https:\/\/encuentroinformativo.com.mx\/index.php?rest_route=\/wp\/v2\/posts"}],"about":[{"href":"https:\/\/encuentroinformativo.com.mx\/index.php?rest_route=\/wp\/v2\/types\/post"}],"author":[{"embeddable":true,"href":"https:\/\/encuentroinformativo.com.mx\/index.php?rest_route=\/wp\/v2\/users\/2476"}],"replies":[{"embeddable":true,"href":"https:\/\/encuentroinformativo.com.mx\/index.php?rest_route=%2Fwp%2Fv2%2Fcomments&post=63213"}],"version-history":[{"count":1,"href":"https:\/\/encuentroinformativo.com.mx\/index.php?rest_route=\/wp\/v2\/posts\/63213\/revisions"}],"predecessor-version":[{"id":63215,"href":"https:\/\/encuentroinformativo.com.mx\/index.php?rest_route=\/wp\/v2\/posts\/63213\/revisions\/63215"}],"wp:featuredmedia":[{"embeddable":true,"href":"https:\/\/encuentroinformativo.com.mx\/index.php?rest_route=\/wp\/v2\/media\/63214"}],"wp:attachment":[{"href":"https:\/\/encuentroinformativo.com.mx\/index.php?rest_route=%2Fwp%2Fv2%2Fmedia&parent=63213"}],"wp:term":[{"taxonomy":"category","embeddable":true,"href":"https:\/\/encuentroinformativo.com.mx\/index.php?rest_route=%2Fwp%2Fv2%2Fcategories&post=63213"},{"taxonomy":"post_tag","embeddable":true,"href":"https:\/\/encuentroinformativo.com.mx\/index.php?rest_route=%2Fwp%2Fv2%2Ftags&post=63213"}],"curies":[{"name":"wp","href":"https:\/\/api.w.org\/{rel}","templated":true}]}}