{"id":63222,"date":"2025-01-30T12:58:40","date_gmt":"2025-01-30T18:58:40","guid":{"rendered":"https:\/\/encuentroinformativo.com.mx\/?p=63222"},"modified":"2025-01-30T12:58:40","modified_gmt":"2025-01-30T18:58:40","slug":"en-seguridad-veracruz-tiene-perfecta-coordinacion-con-federacion-rocio-nahle","status":"publish","type":"post","link":"https:\/\/encuentroinformativo.com.mx\/?p=63222","title":{"rendered":"En seguridad, Veracruz tiene perfecta coordinaci\u00f3n con federaci\u00f3n:\u00a0 Roc\u00edo Nahle"},"content":{"rendered":"<p><strong style=\"font-size: 1rem;\">Alejandro \u00c1vila<\/strong><\/p>\n<p>Boca del R\u00edo, Ver.- La gobernadora, Roc\u00edo Nahle Garc\u00eda, asegur\u00f3 que la entidad veracruzana goza de una perfecta coordinaci\u00f3n en materia de seguridad con la Federaci\u00f3n y sus Estados vecinos.<\/p>\n<p>&#8220;Estamos bien, vamos muy bien, todos los d\u00edas trabajamos, hay una coordinaci\u00f3n con la Federaci\u00f3n y con los Estados vecinos, en eso se est\u00e1 trabajando&#8221;, expres\u00f3.<\/p>\n<p>Apenas este mi\u00e9rcoles, la Secretar\u00eda de Seguridad y Protecci\u00f3n Ciudadana, encabezada por Omar Garc\u00eda Harfuch, realiz\u00f3 un operativo en conjunto con la Fiscal\u00eda de Oaxaca en los l\u00edmites con Veracruz, donde fueron abatidos tres presuntos delincuentes.<\/p>\n<p>&#8220;Es un operativo que tra\u00eda la Federaci\u00f3n, ven\u00eda de Oaxaca el operativo y Veracruz coadyuvando (&#8230;) no nos han dado ninguna informaci\u00f3n, est\u00e1n en el sur, la investigaci\u00f3n la trae la Federaci\u00f3n y ayer el secretario Harfuch hizo p\u00fablico el tema&#8221;, expres\u00f3 la gobernadora.<\/p>\n<p>La gobernadora, Roc\u00edo Nahle Garc\u00eda, estuvo presente en una reuni\u00f3n con empresarios de la zona conurbada Veracruz &#8211; Boca del R\u00edo, donde tambi\u00e9n se dieron cita alcaldes y funcionarios p\u00fablicos de municipios aleda\u00f1os.<\/p>\n","protected":false},"excerpt":{"rendered":"<p>Alejandro \u00c1vila Boca del R\u00edo, Ver.- La gobernadora, Roc\u00edo Nahle Garc\u00eda, asegur\u00f3 que la entidad veracruzana goza de una perfecta coordinaci\u00f3n en materia de seguridad con la Federaci\u00f3n y sus Estados vecinos. &#8220;Estamos bien, vamos muy bien, todos los d\u00edas trabajamos, hay una coordinaci\u00f3n con la Federaci\u00f3n y con los Estados vecinos, en eso se [&hellip;]<\/p>\n","protected":false},"author":2476,"featured_media":63223,"comment_status":"open","ping_status":"open","sticky":false,"template":"","format":"standard","meta":{"_jetpack_memberships_contains_paid_content":false,"footnotes":""},"categories":[2],"tags":[],"class_list":["post-63222","post","type-post","status-publish","format-standard","has-post-thumbnail","hentry","category-estado"],"jetpack_featured_media_url":"https:\/\/encuentroinformativo.com.mx\/wp-content\/uploads\/2025\/01\/IMG-20250130-WA00732.jpg","jetpack_sharing_enabled":true,"jetpack_likes_enabled":true,"amp_enabled":true,"_links":{"self":[{"href":"https:\/\/encuentroinformativo.com.mx\/index.php?rest_route=\/wp\/v2\/posts\/63222","targetHints":{"allow":["GET"]}}],"collection":[{"href":"https:\/\/encuentroinformativo.com.mx\/index.php?rest_route=\/wp\/v2\/posts"}],"about":[{"href":"https:\/\/encuentroinformativo.com.mx\/index.php?rest_route=\/wp\/v2\/types\/post"}],"author":[{"embeddable":true,"href":"https:\/\/encuentroinformativo.com.mx\/index.php?rest_route=\/wp\/v2\/users\/2476"}],"replies":[{"embeddable":true,"href":"https:\/\/encuentroinformativo.com.mx\/index.php?rest_route=%2Fwp%2Fv2%2Fcomments&post=63222"}],"version-history":[{"count":1,"href":"https:\/\/encuentroinformativo.com.mx\/index.php?rest_route=\/wp\/v2\/posts\/63222\/revisions"}],"predecessor-version":[{"id":63224,"href":"https:\/\/encuentroinformativo.com.mx\/index.php?rest_route=\/wp\/v2\/posts\/63222\/revisions\/63224"}],"wp:featuredmedia":[{"embeddable":true,"href":"https:\/\/encuentroinformativo.com.mx\/index.php?rest_route=\/wp\/v2\/media\/63223"}],"wp:attachment":[{"href":"https:\/\/encuentroinformativo.com.mx\/index.php?rest_route=%2Fwp%2Fv2%2Fmedia&parent=63222"}],"wp:term":[{"taxonomy":"category","embeddable":true,"href":"https:\/\/encuentroinformativo.com.mx\/index.php?rest_route=%2Fwp%2Fv2%2Fcategories&post=63222"},{"taxonomy":"post_tag","embeddable":true,"href":"https:\/\/encuentroinformativo.com.mx\/index.php?rest_route=%2Fwp%2Fv2%2Ftags&post=63222"}],"curies":[{"name":"wp","href":"https:\/\/api.w.org\/{rel}","templated":true}]}}