{"id":63229,"date":"2025-01-30T14:00:18","date_gmt":"2025-01-30T20:00:18","guid":{"rendered":"https:\/\/encuentroinformativo.com.mx\/?p=63229"},"modified":"2025-01-30T14:00:18","modified_gmt":"2025-01-30T20:00:18","slug":"don-omar-regalara-boletos-para-su-concierto-en-veracruz","status":"publish","type":"post","link":"https:\/\/encuentroinformativo.com.mx\/?p=63229","title":{"rendered":"Don Omar regalar\u00e1 boletos para su concierto en Veracruz"},"content":{"rendered":"<p><strong style=\"font-size: 1rem;\">Alejandro \u00c1vila<\/strong><\/p>\n<p>Boca del R\u00edo, Ver.- El 10 de febrero, d\u00eda del cumplea\u00f1os de Don Omar, el reguetonero dominicano regalar\u00e1 boletos y experiencias para su concierto en Veracruz, confirm\u00f3 Javier Reynoso, operador de la empresa Music Vibe.<\/p>\n<p>&#8220;Es muy importante la semana del 10 de febrero porque es el cumplea\u00f1os de Don Omar, y Don Omar celebrar\u00e1 su cumplea\u00f1os como parte de una ocasi\u00f3n especial, se realizar\u00e1n din\u00e1micas donde los fans podr\u00e1n ganar boletos y experiencias exclusivas para el concierto&#8221;, se\u00f1al\u00f3 el empresario.<\/p>\n<p>El empresario aclar\u00f3 que la venta de boletos va de la mejor manera y ya se agotaron tres localidades, \u00fanicamente queda la zona exclusiva denominada Bandoleros y las zonas generales.<\/p>\n<p>De la misma manera, Javier Reynoso pidi\u00f3 a los interesados en asistir al concierto de Don Omar en Veracruz que utilicen las plataformas oficiales de los empresas Fun Ticket, o del artista, donomar.com, as\u00ed como la taquilla del estadio de b\u00e9isbol &#8220;Beto \u00c1vila&#8221;, para evitar inconvenientes o fraudes.<\/p>\n","protected":false},"excerpt":{"rendered":"<p>Alejandro \u00c1vila Boca del R\u00edo, Ver.- El 10 de febrero, d\u00eda del cumplea\u00f1os de Don Omar, el reguetonero dominicano regalar\u00e1 boletos y experiencias para su concierto en Veracruz, confirm\u00f3 Javier Reynoso, operador de la empresa Music Vibe. &#8220;Es muy importante la semana del 10 de febrero porque es el cumplea\u00f1os de Don Omar, y Don [&hellip;]<\/p>\n","protected":false},"author":2476,"featured_media":63230,"comment_status":"open","ping_status":"open","sticky":false,"template":"","format":"standard","meta":{"_jetpack_memberships_contains_paid_content":false,"footnotes":""},"categories":[2],"tags":[],"class_list":["post-63229","post","type-post","status-publish","format-standard","has-post-thumbnail","hentry","category-estado"],"jetpack_featured_media_url":"https:\/\/encuentroinformativo.com.mx\/wp-content\/uploads\/2025\/01\/IMG-20250130-WA0145.jpg","jetpack_sharing_enabled":true,"jetpack_likes_enabled":true,"amp_enabled":true,"_links":{"self":[{"href":"https:\/\/encuentroinformativo.com.mx\/index.php?rest_route=\/wp\/v2\/posts\/63229","targetHints":{"allow":["GET"]}}],"collection":[{"href":"https:\/\/encuentroinformativo.com.mx\/index.php?rest_route=\/wp\/v2\/posts"}],"about":[{"href":"https:\/\/encuentroinformativo.com.mx\/index.php?rest_route=\/wp\/v2\/types\/post"}],"author":[{"embeddable":true,"href":"https:\/\/encuentroinformativo.com.mx\/index.php?rest_route=\/wp\/v2\/users\/2476"}],"replies":[{"embeddable":true,"href":"https:\/\/encuentroinformativo.com.mx\/index.php?rest_route=%2Fwp%2Fv2%2Fcomments&post=63229"}],"version-history":[{"count":1,"href":"https:\/\/encuentroinformativo.com.mx\/index.php?rest_route=\/wp\/v2\/posts\/63229\/revisions"}],"predecessor-version":[{"id":63231,"href":"https:\/\/encuentroinformativo.com.mx\/index.php?rest_route=\/wp\/v2\/posts\/63229\/revisions\/63231"}],"wp:featuredmedia":[{"embeddable":true,"href":"https:\/\/encuentroinformativo.com.mx\/index.php?rest_route=\/wp\/v2\/media\/63230"}],"wp:attachment":[{"href":"https:\/\/encuentroinformativo.com.mx\/index.php?rest_route=%2Fwp%2Fv2%2Fmedia&parent=63229"}],"wp:term":[{"taxonomy":"category","embeddable":true,"href":"https:\/\/encuentroinformativo.com.mx\/index.php?rest_route=%2Fwp%2Fv2%2Fcategories&post=63229"},{"taxonomy":"post_tag","embeddable":true,"href":"https:\/\/encuentroinformativo.com.mx\/index.php?rest_route=%2Fwp%2Fv2%2Ftags&post=63229"}],"curies":[{"name":"wp","href":"https:\/\/api.w.org\/{rel}","templated":true}]}}