{"id":63247,"date":"2025-01-30T18:02:13","date_gmt":"2025-01-31T00:02:13","guid":{"rendered":"https:\/\/encuentroinformativo.com.mx\/?p=63247"},"modified":"2025-01-30T18:02:13","modified_gmt":"2025-01-31T00:02:13","slug":"veracruz-se-queda-sin-priistas-belem-palmeros-a-mc","status":"publish","type":"post","link":"https:\/\/encuentroinformativo.com.mx\/?p=63247","title":{"rendered":"Veracruz se queda sin priistas, Belem Palmeros a MC"},"content":{"rendered":"<p><strong style=\"font-size: 1rem;\">Alejandro \u00c1vila<\/strong><\/p>\n<p>Veracruz, Ver.- El Ayuntamiento de Veracruz se queda sin representaci\u00f3n priista tras darse a conocer este jueves por la tarde que la regidora, Belem Palmeros Exsome se unir\u00e1 a las filas de Movimiento Ciudadano.<\/p>\n<p>Fue el propio dirigente nacional de MC y ex candidato a la presidencia de M\u00e9xico, Jorge \u00c1lvarez Maynez, quien anunci\u00f3 en su cuenta oficial de X la llegada de la empresaria y activista.<\/p>\n<p>Justo este jueves en el municipio de Boca del R\u00edo se lleva a cabo la Reuni\u00f3n Plenaria de todos los actores pol\u00edticos de Movimiento Ciudadano en M\u00e9xico, desde Senadores, Diputados Federales y Locales.<\/p>\n<p>Belem Palmeros Exsome fue candidata a la diputaci\u00f3n local por el Distrito 14, directora del Instituto Municipal de la Mujer y, actualmente, se desempe\u00f1a como regidora en el Ayuntamiento de Veracruz, adem\u00e1s de ser durante varios a\u00f1os activista de los derechos de las mujeres.<\/p>\n","protected":false},"excerpt":{"rendered":"<p>Alejandro \u00c1vila Veracruz, Ver.- El Ayuntamiento de Veracruz se queda sin representaci\u00f3n priista tras darse a conocer este jueves por la tarde que la regidora, Belem Palmeros Exsome se unir\u00e1 a las filas de Movimiento Ciudadano. Fue el propio dirigente nacional de MC y ex candidato a la presidencia de M\u00e9xico, Jorge \u00c1lvarez Maynez, quien [&hellip;]<\/p>\n","protected":false},"author":2476,"featured_media":63248,"comment_status":"open","ping_status":"open","sticky":false,"template":"","format":"standard","meta":{"_jetpack_memberships_contains_paid_content":false,"footnotes":""},"categories":[2],"tags":[],"class_list":["post-63247","post","type-post","status-publish","format-standard","has-post-thumbnail","hentry","category-estado"],"jetpack_featured_media_url":"https:\/\/encuentroinformativo.com.mx\/wp-content\/uploads\/2025\/01\/IMG-20250130-WA0323.jpg","jetpack_sharing_enabled":true,"jetpack_likes_enabled":true,"amp_enabled":true,"_links":{"self":[{"href":"https:\/\/encuentroinformativo.com.mx\/index.php?rest_route=\/wp\/v2\/posts\/63247","targetHints":{"allow":["GET"]}}],"collection":[{"href":"https:\/\/encuentroinformativo.com.mx\/index.php?rest_route=\/wp\/v2\/posts"}],"about":[{"href":"https:\/\/encuentroinformativo.com.mx\/index.php?rest_route=\/wp\/v2\/types\/post"}],"author":[{"embeddable":true,"href":"https:\/\/encuentroinformativo.com.mx\/index.php?rest_route=\/wp\/v2\/users\/2476"}],"replies":[{"embeddable":true,"href":"https:\/\/encuentroinformativo.com.mx\/index.php?rest_route=%2Fwp%2Fv2%2Fcomments&post=63247"}],"version-history":[{"count":1,"href":"https:\/\/encuentroinformativo.com.mx\/index.php?rest_route=\/wp\/v2\/posts\/63247\/revisions"}],"predecessor-version":[{"id":63249,"href":"https:\/\/encuentroinformativo.com.mx\/index.php?rest_route=\/wp\/v2\/posts\/63247\/revisions\/63249"}],"wp:featuredmedia":[{"embeddable":true,"href":"https:\/\/encuentroinformativo.com.mx\/index.php?rest_route=\/wp\/v2\/media\/63248"}],"wp:attachment":[{"href":"https:\/\/encuentroinformativo.com.mx\/index.php?rest_route=%2Fwp%2Fv2%2Fmedia&parent=63247"}],"wp:term":[{"taxonomy":"category","embeddable":true,"href":"https:\/\/encuentroinformativo.com.mx\/index.php?rest_route=%2Fwp%2Fv2%2Fcategories&post=63247"},{"taxonomy":"post_tag","embeddable":true,"href":"https:\/\/encuentroinformativo.com.mx\/index.php?rest_route=%2Fwp%2Fv2%2Ftags&post=63247"}],"curies":[{"name":"wp","href":"https:\/\/api.w.org\/{rel}","templated":true}]}}