{"id":63250,"date":"2025-01-30T18:42:27","date_gmt":"2025-01-31T00:42:27","guid":{"rendered":"https:\/\/encuentroinformativo.com.mx\/?p=63250"},"modified":"2025-01-30T18:42:27","modified_gmt":"2025-01-31T00:42:27","slug":"propone-diputado-sancionar-la-usurpacion-de-la-profesion-de-medico-cirujano-plastico","status":"publish","type":"post","link":"https:\/\/encuentroinformativo.com.mx\/?p=63250","title":{"rendered":"Propone diputado sancionar la usurpaci\u00f3n de la profesi\u00f3n de m\u00e9dico cirujano pl\u00e1stico"},"content":{"rendered":"<p><strong>* Presenta Daniel Cortina Mart\u00ednez iniciativa que reformar\u00eda el Art\u00edculo 208 del C\u00f3digo Penal del estado.<\/strong><\/p>\n<p style=\"font-weight: 400;\"><span style=\"font-size: 1rem;\">Xalapa, Ver.- El diputado Daniel Cortina Mart\u00ednez present\u00f3 al Pleno de la LXVII Legislatura la iniciativa que busca reformar el Art\u00edculo 258 del C\u00f3digo Penal del estado para establecer que quien cometa el delito de usurpaci\u00f3n de la profesi\u00f3n de m\u00e9dico cirujano pl\u00e1stico podr\u00eda hacerse acreedor a penas de prisi\u00f3n que ir\u00edan de los seis meses a los tres a\u00f1os y multa de 50 hasta 100 Unidades de Medida y Actualizaci\u00f3n (UMA).<\/span><\/p>\n<p style=\"font-weight: 400;\"><span style=\"font-size: 1rem;\">En su iniciativa, presentada durante la decimonovena sesi\u00f3n, el legislador propone referir en el citado c\u00f3digo que cometer\u00eda este il\u00edcito aquella persona que realice procedimientos de cirug\u00eda pl\u00e1stica, est\u00e9tica, reconstructiva; aplique tratamientos m\u00e9dicos, emita diagn\u00f3sticos o prescriba medicamentos, sin contar con la acreditaci\u00f3n legal, de experiencia y la certificaci\u00f3n del colegio de la especialidad para desempe\u00f1ar dicha actividad.<\/span><\/p>\n<p style=\"font-weight: 400;\"><span style=\"font-size: 1rem;\">Ante las diputadas y los diputados el legislador Cortina Mart\u00ednez subray\u00f3 que su propuesta busca reducir la propagaci\u00f3n de casos de personas que practican cirug\u00edas sin los requisitos se\u00f1alados, \u201chan causado da\u00f1os a las personas que se someten a estas intervenciones y han puesto en riesgo su salud, y en algunas otros casos han causado muerte\u201d.<\/span><\/p>\n<p style=\"font-weight: 400;\"><span style=\"font-size: 1rem;\">Asimismo, indic\u00f3 que en Veracruz se han incrementado los servicios de cirug\u00eda est\u00e9tica a partir de que en determinados centros de educaci\u00f3n imparten cursos con licenciatura relacionados con el tema de reconstrucci\u00f3n est\u00e9tica, \u201cpero son cursos ciento por ciento acad\u00e9micos sin validez para realizar cirug\u00edas de este tipo\u201d.<\/span><\/p>\n<p style=\"font-weight: 400;\"><span style=\"font-size: 1rem;\">Agreg\u00f3 que para llevar a cabo adecuadamente este tipo de servicios es necesario ser m\u00e9dico, realizar una residencia de cirug\u00eda y despu\u00e9s cursar la especialidad en cirug\u00eda pl\u00e1stica, \u201cadem\u00e1s tener una certificaci\u00f3n de un colegio m\u00e9dico de la especialidad que avale el ejercicio de la profesi\u00f3n\u201d.<\/span><\/p>\n<p style=\"font-weight: 400;\"><span style=\"font-size: 1rem;\">Por \u00faltimo, expuso que existe una creciente demanda de procedimientos est\u00e9ticos, ya sea quir\u00fargicamente o mediante introducci\u00f3n de diversas sustancias l\u00edquidas en determinadas partes del cuerpo, \u201clo cual ha generado un mercado lucrativo que atrae a personas sin la preparaci\u00f3n adecuada, quienes ofrecen servicios a precios m\u00e1s bajos, poniendo en riesgo la salud de quienes acuden a ellos\u201d.<\/span><\/p>\n<p style=\"font-weight: 400;\"><span style=\"font-size: 1rem;\">Para su estudio y dictamen, la iniciativa fue turnada a las Comisiones Permanentes Unidas de Justicia y Puntos Constitucionales y de Salud y Asistencia. Se adhirieron a la propuesta los grupos legislativos de Morena, PVEM y PT.<\/span><\/p>\n<p style=\"font-weight: 400;\">\n","protected":false},"excerpt":{"rendered":"<p>* Presenta Daniel Cortina Mart\u00ednez iniciativa que reformar\u00eda el Art\u00edculo 208 del C\u00f3digo Penal del estado. Xalapa, Ver.- El diputado Daniel Cortina Mart\u00ednez present\u00f3 al Pleno de la LXVII Legislatura la iniciativa que busca reformar el Art\u00edculo 258 del C\u00f3digo Penal del estado para establecer que quien cometa el delito de usurpaci\u00f3n de la profesi\u00f3n [&hellip;]<\/p>\n","protected":false},"author":2476,"featured_media":63251,"comment_status":"open","ping_status":"open","sticky":false,"template":"","format":"standard","meta":{"_jetpack_memberships_contains_paid_content":false,"footnotes":""},"categories":[2],"tags":[],"class_list":["post-63250","post","type-post","status-publish","format-standard","has-post-thumbnail","hentry","category-estado"],"jetpack_featured_media_url":"https:\/\/encuentroinformativo.com.mx\/wp-content\/uploads\/2025\/01\/NOV30ENE2025DANIEL2.jpeg","jetpack_sharing_enabled":true,"jetpack_likes_enabled":true,"amp_enabled":true,"_links":{"self":[{"href":"https:\/\/encuentroinformativo.com.mx\/index.php?rest_route=\/wp\/v2\/posts\/63250","targetHints":{"allow":["GET"]}}],"collection":[{"href":"https:\/\/encuentroinformativo.com.mx\/index.php?rest_route=\/wp\/v2\/posts"}],"about":[{"href":"https:\/\/encuentroinformativo.com.mx\/index.php?rest_route=\/wp\/v2\/types\/post"}],"author":[{"embeddable":true,"href":"https:\/\/encuentroinformativo.com.mx\/index.php?rest_route=\/wp\/v2\/users\/2476"}],"replies":[{"embeddable":true,"href":"https:\/\/encuentroinformativo.com.mx\/index.php?rest_route=%2Fwp%2Fv2%2Fcomments&post=63250"}],"version-history":[{"count":1,"href":"https:\/\/encuentroinformativo.com.mx\/index.php?rest_route=\/wp\/v2\/posts\/63250\/revisions"}],"predecessor-version":[{"id":63252,"href":"https:\/\/encuentroinformativo.com.mx\/index.php?rest_route=\/wp\/v2\/posts\/63250\/revisions\/63252"}],"wp:featuredmedia":[{"embeddable":true,"href":"https:\/\/encuentroinformativo.com.mx\/index.php?rest_route=\/wp\/v2\/media\/63251"}],"wp:attachment":[{"href":"https:\/\/encuentroinformativo.com.mx\/index.php?rest_route=%2Fwp%2Fv2%2Fmedia&parent=63250"}],"wp:term":[{"taxonomy":"category","embeddable":true,"href":"https:\/\/encuentroinformativo.com.mx\/index.php?rest_route=%2Fwp%2Fv2%2Fcategories&post=63250"},{"taxonomy":"post_tag","embeddable":true,"href":"https:\/\/encuentroinformativo.com.mx\/index.php?rest_route=%2Fwp%2Fv2%2Ftags&post=63250"}],"curies":[{"name":"wp","href":"https:\/\/api.w.org\/{rel}","templated":true}]}}