{"id":63262,"date":"2025-01-30T23:16:10","date_gmt":"2025-01-31T05:16:10","guid":{"rendered":"https:\/\/encuentroinformativo.com.mx\/?p=63262"},"modified":"2025-01-30T23:16:10","modified_gmt":"2025-01-31T05:16:10","slug":"impulsa-diputado-que-festival-del-arpa-sea-patrimonio-cultural-del-estado","status":"publish","type":"post","link":"https:\/\/encuentroinformativo.com.mx\/?p=63262","title":{"rendered":"Impulsa diputado que Festival del Arpa sea Patrimonio Cultural del estado"},"content":{"rendered":"<p><strong>* Arpa jarocha es parte de la identidad veracruzana, afirma Luis Vicente Aguilar Castillo.<\/strong><\/p>\n<p style=\"font-weight: 400;\"><span style=\"font-size: 1rem;\">Xalapa, Ver.- El representante del Distrito VIII con cabecera en Misantla, diputado Luis Vicente Castillo Aguilar hizo un llamado a la Secretar\u00eda de Cultura de Veracruz (SECVER) para que consideren el Festival Internacional del Arpa, que se celebra en la localidad de Cerrillos de D\u00edaz, perteneciente al municipio de Alto Lucero de Guti\u00e9rrez Barrios, a fin que sea declarado Patrimonio Cultural del estado de Veracruz.<\/span><\/p>\n<p style=\"font-weight: 400;\"><span style=\"font-size: 1rem;\">Al hacer uso de la voz, el legislador asegur\u00f3 que la m\u00fasica es un veh\u00edculo de identidad cultural que conecta a las personas, preserva memorias y expresa la esencia m\u00e1s profunda de la humanidad, reflejando ra\u00edces y tradiciones a trav\u00e9s de melod\u00edas y ritmos.<\/span><\/p>\n<p style=\"font-weight: 400;\"><span style=\"font-size: 1rem;\">Tras recordar la composici\u00f3n, historia y atributos del arpa jarocha, reconoci\u00f3 su identidad como elemento fundamental en la cultura veracruzana por su uso en fandangos y en el son jarocho convirti\u00e9ndose en parte importante del patrimonio musical mexicano.<\/span><\/p>\n<p style=\"font-weight: 400;\"><span style=\"font-size: 1rem;\">Se\u00f1al\u00f3 que el Festival Internacional del Arpa, celebrado en Cerrillos de D\u00edaz del municipio de Alto Lucero, es un evento que busca preservar la identidad cultural local, fusionando m\u00fasica tradicional del arpa con el talento nacional e internacional.<\/span><\/p>\n<p style=\"font-weight: 400;\"><span style=\"font-size: 1rem;\">Expuso que el inicio de esta tradici\u00f3n se remonta a 1995 como un encuentro de jaraneros. Posteriormente, \u201ccon la voluntad de los cerrillanos el festival se ha ido enriqueciendo y transformando, de esta manera en 2015 es el de mayor crecimiento de esta celebraci\u00f3n, cuando se eleva a la categor\u00eda de internacional, contando con artistas provenientes de otros pa\u00edses\u201d, inform\u00f3.<\/span><\/p>\n<p style=\"font-weight: 400;\"><span style=\"font-size: 1rem;\">El diputado manifest\u00f3 que Cerrillos de D\u00edaz se ha distinguido por haber dado al mundo m\u00e1s de 200 arpistas reconocidos internacionalmente, agreg\u00f3 que, \u201cel festival ha crecido significativamente atrayendo hasta 3 mil personas, contando con la participaci\u00f3n de grupos internacionales, incluyendo artistas de Colombia, Venezuela, Cuba, Paraguay, Jap\u00f3n, Ecuador y Alemania, demostrando que la tradici\u00f3n y la magia de las regiones pueden renovarse e incluso reforzar sus logros\u201d, finaliz\u00f3.<\/span><\/p>\n<p style=\"font-weight: 400;\">\n","protected":false},"excerpt":{"rendered":"<p>* Arpa jarocha es parte de la identidad veracruzana, afirma Luis Vicente Aguilar Castillo. Xalapa, Ver.- El representante del Distrito VIII con cabecera en Misantla, diputado Luis Vicente Castillo Aguilar hizo un llamado a la Secretar\u00eda de Cultura de Veracruz (SECVER) para que consideren el Festival Internacional del Arpa, que se celebra en la localidad [&hellip;]<\/p>\n","protected":false},"author":2476,"featured_media":63263,"comment_status":"open","ping_status":"open","sticky":false,"template":"","format":"standard","meta":{"_jetpack_memberships_contains_paid_content":false,"footnotes":""},"categories":[2],"tags":[],"class_list":["post-63262","post","type-post","status-publish","format-standard","has-post-thumbnail","hentry","category-estado"],"jetpack_featured_media_url":"https:\/\/encuentroinformativo.com.mx\/wp-content\/uploads\/2025\/01\/NOV30ENE2025LVICENTE1.jpeg","jetpack_sharing_enabled":true,"jetpack_likes_enabled":true,"amp_enabled":true,"_links":{"self":[{"href":"https:\/\/encuentroinformativo.com.mx\/index.php?rest_route=\/wp\/v2\/posts\/63262","targetHints":{"allow":["GET"]}}],"collection":[{"href":"https:\/\/encuentroinformativo.com.mx\/index.php?rest_route=\/wp\/v2\/posts"}],"about":[{"href":"https:\/\/encuentroinformativo.com.mx\/index.php?rest_route=\/wp\/v2\/types\/post"}],"author":[{"embeddable":true,"href":"https:\/\/encuentroinformativo.com.mx\/index.php?rest_route=\/wp\/v2\/users\/2476"}],"replies":[{"embeddable":true,"href":"https:\/\/encuentroinformativo.com.mx\/index.php?rest_route=%2Fwp%2Fv2%2Fcomments&post=63262"}],"version-history":[{"count":1,"href":"https:\/\/encuentroinformativo.com.mx\/index.php?rest_route=\/wp\/v2\/posts\/63262\/revisions"}],"predecessor-version":[{"id":63264,"href":"https:\/\/encuentroinformativo.com.mx\/index.php?rest_route=\/wp\/v2\/posts\/63262\/revisions\/63264"}],"wp:featuredmedia":[{"embeddable":true,"href":"https:\/\/encuentroinformativo.com.mx\/index.php?rest_route=\/wp\/v2\/media\/63263"}],"wp:attachment":[{"href":"https:\/\/encuentroinformativo.com.mx\/index.php?rest_route=%2Fwp%2Fv2%2Fmedia&parent=63262"}],"wp:term":[{"taxonomy":"category","embeddable":true,"href":"https:\/\/encuentroinformativo.com.mx\/index.php?rest_route=%2Fwp%2Fv2%2Fcategories&post=63262"},{"taxonomy":"post_tag","embeddable":true,"href":"https:\/\/encuentroinformativo.com.mx\/index.php?rest_route=%2Fwp%2Fv2%2Ftags&post=63262"}],"curies":[{"name":"wp","href":"https:\/\/api.w.org\/{rel}","templated":true}]}}