{"id":63276,"date":"2025-01-31T11:01:22","date_gmt":"2025-01-31T17:01:22","guid":{"rendered":"https:\/\/encuentroinformativo.com.mx\/?p=63276"},"modified":"2025-01-31T11:01:22","modified_gmt":"2025-01-31T17:01:22","slug":"en-veracruz-la-obra-perfume-de-gardenia-le-rendira-homenaje-a-dulce","status":"publish","type":"post","link":"https:\/\/encuentroinformativo.com.mx\/?p=63276","title":{"rendered":"En Veracruz, la obra &#8220;Perfume de Gardenia&#8221; le rendir\u00e1 homenaje a Dulce"},"content":{"rendered":"<p><strong style=\"font-size: 1rem;\">Alejandro \u00c1vila<\/strong><\/p>\n<p>Veracruz, Ver.- La compa\u00f1\u00eda teatral de \u201cPerfume de Gardernia\u201d, encabezada por Aracely Ar\u00e1mbula y David Zepeda; as\u00ed como el productor Omar Su\u00e1rez y el autor de la dramaturgia del espect\u00e1culo, Francisco Oyanguren anuncian que dentro de las funciones que ofrecer\u00e1n en Veracruz, en el auditorio &#8220;Benito Ju\u00e1rez&#8221;, se le rendir\u00e1 un homenaje p\u00f3stumo a la cantante Dulce.<\/p>\n<p>Toda la compa\u00f1\u00eda teatral han querido hacerle un homenaje en Veracruz a su compa\u00f1era y gran amiga, Dulce, quien estreno esta puesta en escena y permaneci\u00f3 en ella toda la temporada y fue su \u00faltimo trabajo realizado, adem\u00e1s estaba feliz de hacer la gira nacional, sobre todo regresar a Veracruz despu\u00e9s de varios a\u00f1os de ausencia.<\/p>\n<p>Hay que recordar que Veracruz fue la primera ciudad de provincia donde cant\u00f3 con su nombre art\u00edstico Dulce, en el centro de espect\u00e1culos El Escorial donde se presentaban las grandes figuras de esa \u00e9poca, en 1976.<\/p>\n<p>Es por ello que \u201cPerfume de Gardenia\u201d rendir\u00e1 un homenaje p\u00f3stumo a la desaparecida cantante que siempre ser\u00e1 recordada por su extraordinaria voz y el gran legado musical que dej\u00f3.<\/p>\n<p>\u201cPerfume de Gardenia\u201d llega a Veracruz el domingo 2 de marzo al auditorio Benito Ju\u00e1rez en dos funciones, 17:00 y 20:30 horas.<\/p>\n<p>Estelarizan \u201cPerfume de Gardenia\u201d: Aracely Ar\u00e1mbula, David Zepeda, C\u00e9sar \u00c9vora, Jorge Salinas, Elizabeth \u00c1lvarez, Arturo Carmona, Pablo Montero, Latin Lover, Cristi\u00e1n de la Fuente, Luis de Alba, Alejandro Su\u00e1rez, Rafael Incl\u00e1n, Lyn May, Lis Vega, Julio Camejo, Kimberly \u201cLa M\u00e1s Preciosa\u201d y la participaci\u00f3n estelar de \u201cLa Tesorito\u201d Laura Le\u00f3n, con m\u00fasica en vivo der la \u00danica Internacional Sonora Santanera.<\/p>\n","protected":false},"excerpt":{"rendered":"<p>Alejandro \u00c1vila Veracruz, Ver.- La compa\u00f1\u00eda teatral de \u201cPerfume de Gardernia\u201d, encabezada por Aracely Ar\u00e1mbula y David Zepeda; as\u00ed como el productor Omar Su\u00e1rez y el autor de la dramaturgia del espect\u00e1culo, Francisco Oyanguren anuncian que dentro de las funciones que ofrecer\u00e1n en Veracruz, en el auditorio &#8220;Benito Ju\u00e1rez&#8221;, se le rendir\u00e1 un homenaje p\u00f3stumo [&hellip;]<\/p>\n","protected":false},"author":2476,"featured_media":63277,"comment_status":"open","ping_status":"open","sticky":false,"template":"","format":"standard","meta":{"_jetpack_memberships_contains_paid_content":false,"footnotes":""},"categories":[2],"tags":[],"class_list":["post-63276","post","type-post","status-publish","format-standard","has-post-thumbnail","hentry","category-estado"],"jetpack_featured_media_url":"https:\/\/encuentroinformativo.com.mx\/wp-content\/uploads\/2025\/01\/IMG-20250131-WA0025.jpg","jetpack_sharing_enabled":true,"jetpack_likes_enabled":true,"amp_enabled":true,"_links":{"self":[{"href":"https:\/\/encuentroinformativo.com.mx\/index.php?rest_route=\/wp\/v2\/posts\/63276","targetHints":{"allow":["GET"]}}],"collection":[{"href":"https:\/\/encuentroinformativo.com.mx\/index.php?rest_route=\/wp\/v2\/posts"}],"about":[{"href":"https:\/\/encuentroinformativo.com.mx\/index.php?rest_route=\/wp\/v2\/types\/post"}],"author":[{"embeddable":true,"href":"https:\/\/encuentroinformativo.com.mx\/index.php?rest_route=\/wp\/v2\/users\/2476"}],"replies":[{"embeddable":true,"href":"https:\/\/encuentroinformativo.com.mx\/index.php?rest_route=%2Fwp%2Fv2%2Fcomments&post=63276"}],"version-history":[{"count":1,"href":"https:\/\/encuentroinformativo.com.mx\/index.php?rest_route=\/wp\/v2\/posts\/63276\/revisions"}],"predecessor-version":[{"id":63278,"href":"https:\/\/encuentroinformativo.com.mx\/index.php?rest_route=\/wp\/v2\/posts\/63276\/revisions\/63278"}],"wp:featuredmedia":[{"embeddable":true,"href":"https:\/\/encuentroinformativo.com.mx\/index.php?rest_route=\/wp\/v2\/media\/63277"}],"wp:attachment":[{"href":"https:\/\/encuentroinformativo.com.mx\/index.php?rest_route=%2Fwp%2Fv2%2Fmedia&parent=63276"}],"wp:term":[{"taxonomy":"category","embeddable":true,"href":"https:\/\/encuentroinformativo.com.mx\/index.php?rest_route=%2Fwp%2Fv2%2Fcategories&post=63276"},{"taxonomy":"post_tag","embeddable":true,"href":"https:\/\/encuentroinformativo.com.mx\/index.php?rest_route=%2Fwp%2Fv2%2Ftags&post=63276"}],"curies":[{"name":"wp","href":"https:\/\/api.w.org\/{rel}","templated":true}]}}