{"id":63288,"date":"2025-01-31T12:32:02","date_gmt":"2025-01-31T18:32:02","guid":{"rendered":"https:\/\/encuentroinformativo.com.mx\/?p=63288"},"modified":"2025-01-31T12:32:02","modified_gmt":"2025-01-31T18:32:02","slug":"emmanuel-y-mijares-celebraran-el-dia-de-la-amistad-en-veracruz","status":"publish","type":"post","link":"https:\/\/encuentroinformativo.com.mx\/?p=63288","title":{"rendered":"Emmanuel y Mijares celebrar\u00e1n el D\u00eda de la Amistad en Veracruz"},"content":{"rendered":"<p><strong><span style=\"font-size: 1rem;\">Alejandro \u00c1vila<\/span><\/strong><\/p>\n<p>Veracruz, Veracruz.- Fue confirmado el concierto que ofrecer\u00e1n en Veracruz Emmanuel &amp; Mijares, dos iconos de la m\u00fasica y la balada en nuestro pa\u00eds que por d\u00e9cadas han permanecido en el gusto del p\u00fablico y que dejan una huella imborrable en cada presentaci\u00f3n.<\/p>\n<p>Alicia Abaunza, Directora del WTC Veracruz; Marinka Abud, directora comercial del WTC; Arturo Quiroz, representante de CrossBorder Productions y Javier Reynoso, director general de Reynoso Producciones, presidieron la conferencia de prensa en la que se confirm\u00f3 en Veracruz el Two\u2019r Amigos de Emmanuel &amp; Mijares el s\u00e1bado 15 de febrero en el WTC.<\/p>\n<p>Se dio a conocer que aunque los lugares son numerados, el ingreso comenzar\u00e1 a las siete de la noche ya que el concierto dar\u00e1 inicio a las 20:30 horas y ser\u00e1n dos horas de show. Asimismo se montar\u00e1 un operativo de tr\u00e1nsito en las inmediaciones del WTC para que la vialidad fluya.<\/p>\n<p>\u201cEl concierto de Emmanuel &amp; Mijares es para todo p\u00fablico en que se bailar\u00e1 y gozar\u00e1 de las canciones (\u2026) Es un espect\u00e1culo ochentero con una producci\u00f3n de primera, luces, sonido, vestuario, lo que hace un concierto totalmente diferente\u201d, acot\u00f3 Arturo Quiroz, representante de CrossBorder Productions.<\/p>\n<p>Emmanuel &amp; Mijares son dos grandes de la balada y el pop que por d\u00e9cadas se han mantenido vigentes en el gusto y preferencia del p\u00fablico mexicano y latinoamericano, por ello no deje pasar la oportunidad de disfrutar de este show de poco m\u00e1s de dos horas de \u00e9xitos tras \u00e9xitos.<\/p>\n<p>Para finalizar, Arturo Quiroz de CrossBorder Productions y Javier Reynoso, director general de Reynoso Producciones, reiteraron la invitaci\u00f3n al p\u00fablico veracruzano de disfrutar de este m\u00e1gico concierto el s\u00e1bado 15 de febrero en el WTC Veracruz.<\/p>\n","protected":false},"excerpt":{"rendered":"<p>Alejandro \u00c1vila Veracruz, Veracruz.- Fue confirmado el concierto que ofrecer\u00e1n en Veracruz Emmanuel &amp; Mijares, dos iconos de la m\u00fasica y la balada en nuestro pa\u00eds que por d\u00e9cadas han permanecido en el gusto del p\u00fablico y que dejan una huella imborrable en cada presentaci\u00f3n. Alicia Abaunza, Directora del WTC Veracruz; Marinka Abud, directora comercial [&hellip;]<\/p>\n","protected":false},"author":2476,"featured_media":63289,"comment_status":"open","ping_status":"open","sticky":false,"template":"","format":"standard","meta":{"_jetpack_memberships_contains_paid_content":false,"footnotes":""},"categories":[2],"tags":[],"class_list":["post-63288","post","type-post","status-publish","format-standard","has-post-thumbnail","hentry","category-estado"],"jetpack_featured_media_url":"https:\/\/encuentroinformativo.com.mx\/wp-content\/uploads\/2025\/01\/IMG-20250131-WA0056.jpg","jetpack_sharing_enabled":true,"jetpack_likes_enabled":true,"amp_enabled":true,"_links":{"self":[{"href":"https:\/\/encuentroinformativo.com.mx\/index.php?rest_route=\/wp\/v2\/posts\/63288","targetHints":{"allow":["GET"]}}],"collection":[{"href":"https:\/\/encuentroinformativo.com.mx\/index.php?rest_route=\/wp\/v2\/posts"}],"about":[{"href":"https:\/\/encuentroinformativo.com.mx\/index.php?rest_route=\/wp\/v2\/types\/post"}],"author":[{"embeddable":true,"href":"https:\/\/encuentroinformativo.com.mx\/index.php?rest_route=\/wp\/v2\/users\/2476"}],"replies":[{"embeddable":true,"href":"https:\/\/encuentroinformativo.com.mx\/index.php?rest_route=%2Fwp%2Fv2%2Fcomments&post=63288"}],"version-history":[{"count":1,"href":"https:\/\/encuentroinformativo.com.mx\/index.php?rest_route=\/wp\/v2\/posts\/63288\/revisions"}],"predecessor-version":[{"id":63290,"href":"https:\/\/encuentroinformativo.com.mx\/index.php?rest_route=\/wp\/v2\/posts\/63288\/revisions\/63290"}],"wp:featuredmedia":[{"embeddable":true,"href":"https:\/\/encuentroinformativo.com.mx\/index.php?rest_route=\/wp\/v2\/media\/63289"}],"wp:attachment":[{"href":"https:\/\/encuentroinformativo.com.mx\/index.php?rest_route=%2Fwp%2Fv2%2Fmedia&parent=63288"}],"wp:term":[{"taxonomy":"category","embeddable":true,"href":"https:\/\/encuentroinformativo.com.mx\/index.php?rest_route=%2Fwp%2Fv2%2Fcategories&post=63288"},{"taxonomy":"post_tag","embeddable":true,"href":"https:\/\/encuentroinformativo.com.mx\/index.php?rest_route=%2Fwp%2Fv2%2Ftags&post=63288"}],"curies":[{"name":"wp","href":"https:\/\/api.w.org\/{rel}","templated":true}]}}