{"id":63291,"date":"2025-01-31T12:35:49","date_gmt":"2025-01-31T18:35:49","guid":{"rendered":"https:\/\/encuentroinformativo.com.mx\/?p=63291"},"modified":"2025-01-31T12:35:49","modified_gmt":"2025-01-31T18:35:49","slug":"pierde-el-control-y-se-mete-a-tienda-de-abarrotes-en-boca-del-rio","status":"publish","type":"post","link":"https:\/\/encuentroinformativo.com.mx\/?p=63291","title":{"rendered":"Pierde el control y se mete a tienda de abarrotes en Boca del R\u00edo"},"content":{"rendered":"<p><strong style=\"font-size: 1rem;\">Alejandro \u00c1vila<\/strong><\/p>\n<p>Boca del R\u00edo, Ver.- El conductor de un veh\u00edculo Ford tipo Figo color blanco, perdi\u00f3 el control de su unidad y se fue a incrustar al interior de una tienda de abarrotes en el municipio de Boca del R\u00edo.<\/p>\n<p>Los hechos ocurrieron en la ma\u00f1ana de este viernes en la calle Portocarrero esquina Juan Pablo II en el fraccionamiento Virginia, donde, afortunadamente, no se reporta ninguna persona lesionada.<\/p>\n<p>Los vecinos se\u00f1alan que en esta zona hacen falta topes para evitar que los veh\u00edculos circulen con exceso de velocidad.<\/p>\n<p>\u201cNada m\u00e1s o\u00ed el golpe y cuando vi, estaba solo no hab\u00eda nadie, sorprendido porque estaba consciente que pod\u00eda suceder una cosa as\u00ed y hab\u00eda puesto unas protecciones y puse unos postes que no sirven de nada\u201d, dijo don Miguel.<\/p>\n<p>Aunque se han colocado bolardos por parte del propietario de la tienda, no fue suficiente para detener el impacto.<\/p>\n<p>El conductor de la unidad refiri\u00f3 que un auto invadi\u00f3 carril y perdi\u00f3 el control del volante, no obstante, una cuadra atr\u00e1s ya hab\u00eda impactado primero contra un anuncio de cruce peatonal.<\/p>\n<p><img loading=\"lazy\" decoding=\"async\" class=\"alignnone size-medium wp-image-63293\" src=\"https:\/\/encuentroinformativo.com.mx\/wp-content\/uploads\/2025\/01\/IMG-20250131-WA0063-300x169.jpg\" alt=\"\" width=\"300\" height=\"169\" srcset=\"https:\/\/encuentroinformativo.com.mx\/wp-content\/uploads\/2025\/01\/IMG-20250131-WA0063-300x169.jpg 300w, https:\/\/encuentroinformativo.com.mx\/wp-content\/uploads\/2025\/01\/IMG-20250131-WA0063-1024x576.jpg 1024w, https:\/\/encuentroinformativo.com.mx\/wp-content\/uploads\/2025\/01\/IMG-20250131-WA0063-768x432.jpg 768w, https:\/\/encuentroinformativo.com.mx\/wp-content\/uploads\/2025\/01\/IMG-20250131-WA0063-1536x864.jpg 1536w, https:\/\/encuentroinformativo.com.mx\/wp-content\/uploads\/2025\/01\/IMG-20250131-WA0063.jpg 1600w\" sizes=\"auto, (max-width: 300px) 100vw, 300px\" \/><\/p>\n","protected":false},"excerpt":{"rendered":"<p>Alejandro \u00c1vila Boca del R\u00edo, Ver.- El conductor de un veh\u00edculo Ford tipo Figo color blanco, perdi\u00f3 el control de su unidad y se fue a incrustar al interior de una tienda de abarrotes en el municipio de Boca del R\u00edo. Los hechos ocurrieron en la ma\u00f1ana de este viernes en la calle Portocarrero esquina [&hellip;]<\/p>\n","protected":false},"author":2476,"featured_media":63292,"comment_status":"open","ping_status":"open","sticky":false,"template":"","format":"standard","meta":{"_jetpack_memberships_contains_paid_content":false,"footnotes":""},"categories":[2],"tags":[],"class_list":["post-63291","post","type-post","status-publish","format-standard","has-post-thumbnail","hentry","category-estado"],"jetpack_featured_media_url":"https:\/\/encuentroinformativo.com.mx\/wp-content\/uploads\/2025\/01\/IMG-20250131-WA0062.jpg","jetpack_sharing_enabled":true,"jetpack_likes_enabled":true,"amp_enabled":true,"_links":{"self":[{"href":"https:\/\/encuentroinformativo.com.mx\/index.php?rest_route=\/wp\/v2\/posts\/63291","targetHints":{"allow":["GET"]}}],"collection":[{"href":"https:\/\/encuentroinformativo.com.mx\/index.php?rest_route=\/wp\/v2\/posts"}],"about":[{"href":"https:\/\/encuentroinformativo.com.mx\/index.php?rest_route=\/wp\/v2\/types\/post"}],"author":[{"embeddable":true,"href":"https:\/\/encuentroinformativo.com.mx\/index.php?rest_route=\/wp\/v2\/users\/2476"}],"replies":[{"embeddable":true,"href":"https:\/\/encuentroinformativo.com.mx\/index.php?rest_route=%2Fwp%2Fv2%2Fcomments&post=63291"}],"version-history":[{"count":1,"href":"https:\/\/encuentroinformativo.com.mx\/index.php?rest_route=\/wp\/v2\/posts\/63291\/revisions"}],"predecessor-version":[{"id":63294,"href":"https:\/\/encuentroinformativo.com.mx\/index.php?rest_route=\/wp\/v2\/posts\/63291\/revisions\/63294"}],"wp:featuredmedia":[{"embeddable":true,"href":"https:\/\/encuentroinformativo.com.mx\/index.php?rest_route=\/wp\/v2\/media\/63292"}],"wp:attachment":[{"href":"https:\/\/encuentroinformativo.com.mx\/index.php?rest_route=%2Fwp%2Fv2%2Fmedia&parent=63291"}],"wp:term":[{"taxonomy":"category","embeddable":true,"href":"https:\/\/encuentroinformativo.com.mx\/index.php?rest_route=%2Fwp%2Fv2%2Fcategories&post=63291"},{"taxonomy":"post_tag","embeddable":true,"href":"https:\/\/encuentroinformativo.com.mx\/index.php?rest_route=%2Fwp%2Fv2%2Ftags&post=63291"}],"curies":[{"name":"wp","href":"https:\/\/api.w.org\/{rel}","templated":true}]}}