{"id":63304,"date":"2025-01-31T19:18:41","date_gmt":"2025-02-01T01:18:41","guid":{"rendered":"https:\/\/encuentroinformativo.com.mx\/?p=63304"},"modified":"2025-01-31T19:18:41","modified_gmt":"2025-02-01T01:18:41","slug":"alcalde-jm-unanue-continua-impulsando-la-reactivacion-economica-del-corazon-de-boca-del-rio","status":"publish","type":"post","link":"https:\/\/encuentroinformativo.com.mx\/?p=63304","title":{"rendered":"Alcalde JM Un\u00e1nue contin\u00faa impulsando la reactivaci\u00f3n econ\u00f3mica del \u201ccoraz\u00f3n\u201d de Boca del R\u00edo"},"content":{"rendered":"<p><strong><span style=\"font-size: 1rem;\">* Diversos comercios han decidido invertir en la cabecera municipal de la ciudad generando as\u00ed empleos y derrama econ\u00f3mica para los boque\u00f1os.<\/span><\/strong><\/p>\n<p>Boca del R\u00edo, Ver.- Boca del R\u00edo sigue siendo un referente en la creaci\u00f3n de nuevos comercios y desarrollo econ\u00f3mico, gracias al impulso y respaldo del gobierno municipal a todos los empresarios y emprendedores que han elegido instalarse en esta ciudad.<\/p>\n<p>As\u00ed lo inform\u00f3 el alcalde, Juan Manuel Un\u00e1nue, destacando que la cabecera municipal se encuentra en plena reactivaci\u00f3n al contar con m\u00e1s opciones de productos y servicios para compartir en familia, tal es el caso del restaurante \u201cLas Coronelas&#8221; y de la paleter\u00eda y never\u00eda &#8220;La Delicia Michoacana&#8221;.<\/p>\n<p>\u201cEs muy gratificante ver que siguen generando empleos, que siguen aperturando negocios, que la gente trabajadora de Boca del R\u00edo siga creyendo en Boca del R\u00edo; esto es un esfuerzo para poner un negocio establecido, para generar empleo y para darle vida tambi\u00e9n y otro tipo de opciones al coraz\u00f3n de Boca del R\u00edo, lo que es la Cabecera Municipal\u201d, destac\u00f3 el edil ante los empresarios, trabajadores y clientes.<\/p>\n<p>La administraci\u00f3n municipal trabaja en estrategias para fortalecer la gastronom\u00eda, el comercio y los prestadores de servicios, generando m\u00e1s oportunidades para los boque\u00f1os.<\/p>\n<p>Asimismo se promueve la apertura de nuevos negocios con mayores facilidades, lo que contribuye a la creaci\u00f3n de empleos y el crecimiento sostenible de Boca del R\u00edo.<\/p>\n<p>Por \u00faltimo, el alcalde Juan Manuel Un\u00e1nue Abascal, invit\u00f3 a la ciudadan\u00eda a visitar y disfrutar de la cabecera municipal y de todas las atracciones, comercios y gastronom\u00eda boque\u00f1a.<\/p>\n<p><img loading=\"lazy\" decoding=\"async\" class=\"alignnone size-medium wp-image-63306\" src=\"https:\/\/encuentroinformativo.com.mx\/wp-content\/uploads\/2025\/01\/IMG-20250131-WA0424-300x200.jpg\" alt=\"\" width=\"300\" height=\"200\" srcset=\"https:\/\/encuentroinformativo.com.mx\/wp-content\/uploads\/2025\/01\/IMG-20250131-WA0424-300x200.jpg 300w, https:\/\/encuentroinformativo.com.mx\/wp-content\/uploads\/2025\/01\/IMG-20250131-WA0424-1024x682.jpg 1024w, https:\/\/encuentroinformativo.com.mx\/wp-content\/uploads\/2025\/01\/IMG-20250131-WA0424-768x512.jpg 768w, https:\/\/encuentroinformativo.com.mx\/wp-content\/uploads\/2025\/01\/IMG-20250131-WA0424.jpg 1280w\" sizes=\"auto, (max-width: 300px) 100vw, 300px\" \/><\/p>\n","protected":false},"excerpt":{"rendered":"<p>* Diversos comercios han decidido invertir en la cabecera municipal de la ciudad generando as\u00ed empleos y derrama econ\u00f3mica para los boque\u00f1os. Boca del R\u00edo, Ver.- Boca del R\u00edo sigue siendo un referente en la creaci\u00f3n de nuevos comercios y desarrollo econ\u00f3mico, gracias al impulso y respaldo del gobierno municipal a todos los empresarios y [&hellip;]<\/p>\n","protected":false},"author":2476,"featured_media":63305,"comment_status":"open","ping_status":"open","sticky":false,"template":"","format":"standard","meta":{"_jetpack_memberships_contains_paid_content":false,"footnotes":""},"categories":[2],"tags":[],"class_list":["post-63304","post","type-post","status-publish","format-standard","has-post-thumbnail","hentry","category-estado"],"jetpack_featured_media_url":"https:\/\/encuentroinformativo.com.mx\/wp-content\/uploads\/2025\/01\/IMG-20250131-WA0422.jpg","jetpack_sharing_enabled":true,"jetpack_likes_enabled":true,"amp_enabled":true,"_links":{"self":[{"href":"https:\/\/encuentroinformativo.com.mx\/index.php?rest_route=\/wp\/v2\/posts\/63304","targetHints":{"allow":["GET"]}}],"collection":[{"href":"https:\/\/encuentroinformativo.com.mx\/index.php?rest_route=\/wp\/v2\/posts"}],"about":[{"href":"https:\/\/encuentroinformativo.com.mx\/index.php?rest_route=\/wp\/v2\/types\/post"}],"author":[{"embeddable":true,"href":"https:\/\/encuentroinformativo.com.mx\/index.php?rest_route=\/wp\/v2\/users\/2476"}],"replies":[{"embeddable":true,"href":"https:\/\/encuentroinformativo.com.mx\/index.php?rest_route=%2Fwp%2Fv2%2Fcomments&post=63304"}],"version-history":[{"count":1,"href":"https:\/\/encuentroinformativo.com.mx\/index.php?rest_route=\/wp\/v2\/posts\/63304\/revisions"}],"predecessor-version":[{"id":63307,"href":"https:\/\/encuentroinformativo.com.mx\/index.php?rest_route=\/wp\/v2\/posts\/63304\/revisions\/63307"}],"wp:featuredmedia":[{"embeddable":true,"href":"https:\/\/encuentroinformativo.com.mx\/index.php?rest_route=\/wp\/v2\/media\/63305"}],"wp:attachment":[{"href":"https:\/\/encuentroinformativo.com.mx\/index.php?rest_route=%2Fwp%2Fv2%2Fmedia&parent=63304"}],"wp:term":[{"taxonomy":"category","embeddable":true,"href":"https:\/\/encuentroinformativo.com.mx\/index.php?rest_route=%2Fwp%2Fv2%2Fcategories&post=63304"},{"taxonomy":"post_tag","embeddable":true,"href":"https:\/\/encuentroinformativo.com.mx\/index.php?rest_route=%2Fwp%2Fv2%2Ftags&post=63304"}],"curies":[{"name":"wp","href":"https:\/\/api.w.org\/{rel}","templated":true}]}}