{"id":63323,"date":"2025-02-03T11:43:51","date_gmt":"2025-02-03T17:43:51","guid":{"rendered":"https:\/\/encuentroinformativo.com.mx\/?p=63323"},"modified":"2025-02-03T11:43:51","modified_gmt":"2025-02-03T17:43:51","slug":"rechaza-concanaco-servytur-imposicion-de-aranceles-de-eeuu","status":"publish","type":"post","link":"https:\/\/encuentroinformativo.com.mx\/?p=63323","title":{"rendered":"Rechaza Concanaco Servytur\u00a0 imposici\u00f3n de aranceles de EEUU"},"content":{"rendered":"<p><strong style=\"font-size: 1rem;\">Alejandro \u00c1vila<\/strong><\/p>\n<p>Veracruz, Ver.- Ante la decisi\u00f3n del gobierno de los Estados Unidos de imponer un arancel del 25% a las exportaciones mexicanas, la Confederaci\u00f3n de C\u00e1maras Nacionales de Comercio, Servicios y Turismo (CONCANACO SERVYTUR), que representa a m\u00e1s 5.2 millones de empresas y negocios en M\u00e9xico, rechaza categ\u00f3ricamente este gravamen.<\/p>\n<p>Esta medida unilateral viola los principios del Tratado entre M\u00e9xico, Estados Unidos y Canad\u00e1 (T-MEC), afecta directamente a las empresas, trabajadores y consumidores de ambos pa\u00edses, y se basa en un argumento que mezcla temas de seguridad y migraci\u00f3n con asuntos comerciales.<\/p>\n<p>La medida afecta al comercio, el cual no es el problema, sino parte de la soluci\u00f3n, ya que M\u00e9xico es un socio comercial confiable y estrat\u00e9gico para los Estados Unidos.<\/p>\n<p>El comercio entre ambos pa\u00edses no solo genera crecimiento econ\u00f3mico, sino que fortalece la estabilidad en la regi\u00f3n. En ese sentido, respaldamos la postura de la presidenta Claudia Sheinbaum, quien ha se\u00f1alado que no es con la imposici\u00f3n de aranceles como se resuelven los problemas, sino a trav\u00e9s del di\u00e1logo y la cooperaci\u00f3n, menciono el Dr. Octavio de la Torre, l\u00edder de este organismo empresarial, el m\u00e1s vertebrado de nuestro pa\u00eds.<\/p>\n<p>Ambos pa\u00edses deben atender la crisis migratoria y de fentanilo con di\u00e1logo, y abordar el problema en mesas de trabajo donde se toquen temas como el combate a la venta de estupefacientes en las calles y el fortalecimiento de campa\u00f1as de prevenci\u00f3n en la juventud, y en donde intervengan todos los sectores de la sociedad.<\/p>\n<p>La decisi\u00f3n del presidente Trump impactar\u00e1 a nuestro pa\u00eds, pero sobre todo directamente a la regi\u00f3n fronteriza, la m\u00e1s integrada comercialmente, las relaciones comerciales, de inversi\u00f3n y desarrollo econ\u00f3mico, pero sobre todo a la poblaci\u00f3n y las econom\u00edas locales de ambos pa\u00edses.<\/p>\n<p>En ese sentido, las C\u00e1maras de Comercio de los estados del norte de M\u00e9xico alertan sobre las siguientes consecuencias inmediatas:<\/p>\n<p>\u25cfGolpe a la econom\u00eda fronteriza: Ciudades fronterizas sufrir\u00e1n una fuerte desaceleraci\u00f3n econ\u00f3mica debido a la interrupci\u00f3n de las cadenas de suministro.<\/p>\n<p>\u25cfP\u00e9rdida de empleos: El comercio, la industria manufacturera, y agroalimentaria ser\u00e1 severamente afectada, generando desempleo y reducci\u00f3n de ingresos.<\/p>\n<p>\u25cfAumento de precios en EE.UU.: Los aranceles elevar\u00e1n los costos de productos esenciales para consumidores estadounidenses, afectando su poder adquisitivo.<\/p>\n<p>\u25cfMayor inflaci\u00f3n en EE.UU.: Se estima que la medida generar\u00e1 un impacto inflacionario del 0.4%, seg\u00fan an\u00e1lisis de la USITC.<\/p>\n<p>\u25cfDesaceleraci\u00f3n del comercio bilateral: La medida altera el flujo de exportaciones e importaciones, afectando a empresas de ambos pa\u00edses.<\/p>\n<p>Desde CONCANACO SERVYTUR, respaldamos las acciones del gobierno de M\u00e9xico y pedimos medidas concretas para la defensa de nuestra econom\u00eda.<\/p>\n<p>As\u00ed tambi\u00e9n, reafirmamos nuestro compromiso con la defensa de las empresas mexicanas, la estabilidad de la regi\u00f3n fronteriza y la b\u00fasqueda de soluciones integrales que protejan la competitividad de M\u00e9xico y la estabilidad del comercio binacional.<\/p>\n","protected":false},"excerpt":{"rendered":"<p>Alejandro \u00c1vila Veracruz, Ver.- Ante la decisi\u00f3n del gobierno de los Estados Unidos de imponer un arancel del 25% a las exportaciones mexicanas, la Confederaci\u00f3n de C\u00e1maras Nacionales de Comercio, Servicios y Turismo (CONCANACO SERVYTUR), que representa a m\u00e1s 5.2 millones de empresas y negocios en M\u00e9xico, rechaza categ\u00f3ricamente este gravamen. Esta medida unilateral viola [&hellip;]<\/p>\n","protected":false},"author":2476,"featured_media":63324,"comment_status":"open","ping_status":"open","sticky":false,"template":"","format":"standard","meta":{"_jetpack_memberships_contains_paid_content":false,"footnotes":""},"categories":[2],"tags":[],"class_list":["post-63323","post","type-post","status-publish","format-standard","has-post-thumbnail","hentry","category-estado"],"jetpack_featured_media_url":"https:\/\/encuentroinformativo.com.mx\/wp-content\/uploads\/2025\/02\/IMG-20250203-WA0039.jpg","jetpack_sharing_enabled":true,"jetpack_likes_enabled":true,"amp_enabled":true,"_links":{"self":[{"href":"https:\/\/encuentroinformativo.com.mx\/index.php?rest_route=\/wp\/v2\/posts\/63323","targetHints":{"allow":["GET"]}}],"collection":[{"href":"https:\/\/encuentroinformativo.com.mx\/index.php?rest_route=\/wp\/v2\/posts"}],"about":[{"href":"https:\/\/encuentroinformativo.com.mx\/index.php?rest_route=\/wp\/v2\/types\/post"}],"author":[{"embeddable":true,"href":"https:\/\/encuentroinformativo.com.mx\/index.php?rest_route=\/wp\/v2\/users\/2476"}],"replies":[{"embeddable":true,"href":"https:\/\/encuentroinformativo.com.mx\/index.php?rest_route=%2Fwp%2Fv2%2Fcomments&post=63323"}],"version-history":[{"count":1,"href":"https:\/\/encuentroinformativo.com.mx\/index.php?rest_route=\/wp\/v2\/posts\/63323\/revisions"}],"predecessor-version":[{"id":63325,"href":"https:\/\/encuentroinformativo.com.mx\/index.php?rest_route=\/wp\/v2\/posts\/63323\/revisions\/63325"}],"wp:featuredmedia":[{"embeddable":true,"href":"https:\/\/encuentroinformativo.com.mx\/index.php?rest_route=\/wp\/v2\/media\/63324"}],"wp:attachment":[{"href":"https:\/\/encuentroinformativo.com.mx\/index.php?rest_route=%2Fwp%2Fv2%2Fmedia&parent=63323"}],"wp:term":[{"taxonomy":"category","embeddable":true,"href":"https:\/\/encuentroinformativo.com.mx\/index.php?rest_route=%2Fwp%2Fv2%2Fcategories&post=63323"},{"taxonomy":"post_tag","embeddable":true,"href":"https:\/\/encuentroinformativo.com.mx\/index.php?rest_route=%2Fwp%2Fv2%2Ftags&post=63323"}],"curies":[{"name":"wp","href":"https:\/\/api.w.org\/{rel}","templated":true}]}}