{"id":63327,"date":"2025-02-03T13:04:59","date_gmt":"2025-02-03T19:04:59","guid":{"rendered":"https:\/\/encuentroinformativo.com.mx\/?p=63327"},"modified":"2025-02-03T13:04:59","modified_gmt":"2025-02-03T19:04:59","slug":"magdaleno-rosales-lidera-encuestas-virtuales-en-medellin-de-bravo","status":"publish","type":"post","link":"https:\/\/encuentroinformativo.com.mx\/?p=63327","title":{"rendered":"Magdaleno Rosales lidera encuestas virtuales en Medell\u00edn de Bravo"},"content":{"rendered":"<p><strong style=\"font-size: 1rem;\">Alejandro \u00c1vila<\/strong><\/p>\n<p>Medell\u00edn de Bravo, Ver.- El ex diputado local, Magdaleno Rosales Torres, lidera las encuestas virtuales en el municipio de Medell\u00edn de Bravo.<\/p>\n<p>La p\u00e1gina de Facebook Medell\u00edn v<br \/>\nVeranews inici\u00f3 con una encuesta este domingo 2 de febrero donde pidi\u00f3 a los usuarios elegir a su favorito para que logre la candidatura a la alcald\u00eda de Medell\u00edn por la alianza Morena &#8211; Partido Verde; dentro de los cinco candidatos, fue Magdaleno Rosales el que hasta el momento obtenido m\u00e1s votos.<\/p>\n<p>Al corte de las primeras 24 horas, Magdaleno Rosales ha obtenido 453 me gusta; seguido de Pedro Canseco; Samuel Acosta; Mar\u00eda del Carmen Hern\u00e1ndez y por \u00faltimo, Paz Grajales.<\/p>\n<p>Cabe recordar que, a diferencia del resto de los aspirantes a la candidatura de Morena por Medell\u00edn de Bravo, el ex diputado local, Magdaleno Rosales Torres, tiene un activismo en el municipio desde hace casi 8 a\u00f1os, donde ha logrado concretar importantes apoyos y beneficios para los medellinenses.<\/p>\n<p>Ser\u00e1 durante la segunda quincena del mes de febrero donde se den los n\u00fameros finales de la encuesta interna de Morena y se puedan conocer a los candidatos para las diferentes alcald\u00edas de los 212 municipios de Veracruz.<\/p>\n","protected":false},"excerpt":{"rendered":"<p>Alejandro \u00c1vila Medell\u00edn de Bravo, Ver.- El ex diputado local, Magdaleno Rosales Torres, lidera las encuestas virtuales en el municipio de Medell\u00edn de Bravo. La p\u00e1gina de Facebook Medell\u00edn v Veranews inici\u00f3 con una encuesta este domingo 2 de febrero donde pidi\u00f3 a los usuarios elegir a su favorito para que logre la candidatura a [&hellip;]<\/p>\n","protected":false},"author":2476,"featured_media":63328,"comment_status":"open","ping_status":"open","sticky":false,"template":"","format":"standard","meta":{"_jetpack_memberships_contains_paid_content":false,"footnotes":""},"categories":[2],"tags":[],"class_list":["post-63327","post","type-post","status-publish","format-standard","has-post-thumbnail","hentry","category-estado"],"jetpack_featured_media_url":"https:\/\/encuentroinformativo.com.mx\/wp-content\/uploads\/2025\/02\/IMG-20250203-WA00412.jpg","jetpack_sharing_enabled":true,"jetpack_likes_enabled":true,"amp_enabled":true,"_links":{"self":[{"href":"https:\/\/encuentroinformativo.com.mx\/index.php?rest_route=\/wp\/v2\/posts\/63327","targetHints":{"allow":["GET"]}}],"collection":[{"href":"https:\/\/encuentroinformativo.com.mx\/index.php?rest_route=\/wp\/v2\/posts"}],"about":[{"href":"https:\/\/encuentroinformativo.com.mx\/index.php?rest_route=\/wp\/v2\/types\/post"}],"author":[{"embeddable":true,"href":"https:\/\/encuentroinformativo.com.mx\/index.php?rest_route=\/wp\/v2\/users\/2476"}],"replies":[{"embeddable":true,"href":"https:\/\/encuentroinformativo.com.mx\/index.php?rest_route=%2Fwp%2Fv2%2Fcomments&post=63327"}],"version-history":[{"count":1,"href":"https:\/\/encuentroinformativo.com.mx\/index.php?rest_route=\/wp\/v2\/posts\/63327\/revisions"}],"predecessor-version":[{"id":63329,"href":"https:\/\/encuentroinformativo.com.mx\/index.php?rest_route=\/wp\/v2\/posts\/63327\/revisions\/63329"}],"wp:featuredmedia":[{"embeddable":true,"href":"https:\/\/encuentroinformativo.com.mx\/index.php?rest_route=\/wp\/v2\/media\/63328"}],"wp:attachment":[{"href":"https:\/\/encuentroinformativo.com.mx\/index.php?rest_route=%2Fwp%2Fv2%2Fmedia&parent=63327"}],"wp:term":[{"taxonomy":"category","embeddable":true,"href":"https:\/\/encuentroinformativo.com.mx\/index.php?rest_route=%2Fwp%2Fv2%2Fcategories&post=63327"},{"taxonomy":"post_tag","embeddable":true,"href":"https:\/\/encuentroinformativo.com.mx\/index.php?rest_route=%2Fwp%2Fv2%2Ftags&post=63327"}],"curies":[{"name":"wp","href":"https:\/\/api.w.org\/{rel}","templated":true}]}}