{"id":63333,"date":"2025-02-03T13:13:46","date_gmt":"2025-02-03T19:13:46","guid":{"rendered":"https:\/\/encuentroinformativo.com.mx\/?p=63333"},"modified":"2025-02-03T13:13:46","modified_gmt":"2025-02-03T19:13:46","slug":"mario-cruz-presidente-del-cdv-hasta-el-2027","status":"publish","type":"post","link":"https:\/\/encuentroinformativo.com.mx\/?p=63333","title":{"rendered":"Mario Cruz presidente del CDV hasta el 2027"},"content":{"rendered":"<p><strong style=\"font-size: 1rem;\">Alejandro \u00c1vila<\/strong><\/p>\n<p>Veracruz, Ver.- Mario Cruz Herrera ser\u00e1 es el nuevo presidente del Centro Deportivo Veracruzano, puesto que ostentar\u00e1 hasta el 2027.<\/p>\n<p>De acuerdo al conteo de los votos por parte de los escrutadores y el acta de votaci\u00f3n, la planilla fue de unidad, por lo que, sus agremiados votaron en santa paz, sin ning\u00fan tipo de cuestionamiento, no hubo alg\u00fan tipo de incidente, el desarrollo de la asamblea se torn\u00f3 en completa calma.<\/p>\n<p>Cruz Herrera hab\u00eda estado en el cargo de presidente de manera interina tras la renuncia del anterior comit\u00e9 que dirig\u00eda el rumbo de dicho centro deportivo, por lo que su encomienda era solo por unos meses mientras se desarrolla el proceso electoral interno en el que se ten\u00edan que registrar las planillas.<\/p>\n<p>En breve entrevista se\u00f1ala que seguir\u00e1 trabajando en dicho deportivo en obras de modernizaci\u00f3n de las instalaciones las cuales se mantuvieron con muy poco mantenimiento en anteriores gestiones.<\/p>\n<p>El Centro Deportivo Veracruzano (CDV) es una Asociaci\u00f3n Civil constituida el 27 de febrero de 1951, este a\u00f1o cumple 74 a\u00f1os, se ubica en la avenida Espa\u00f1a entre Mart\u00ed y Washington del Fraccionamiento Reforma de esta ciudad de Veracruz.<\/p>\n<p>\u201cEs uno de los clubes de mayor tradici\u00f3n de familias de nuestra sociedad de Veracruz\u2026 actualmente est\u00e1 integrado por casi mil socios, que diariamente acuden a realizar diversas actividades deportivas y recreativas&#8221;, dijo.<\/p>\n<p>La nueva directiva est\u00e1 integrada:<\/p>\n<p>Como presidente, Mario Cruz Herrera<\/p>\n<p>Vicepresidente.- Gabriel Angel Valerio Gonz\u00e1lez.<\/p>\n<p>Tesorero.- Jos\u00e9 Manuel Lloret Lago<\/p>\n<p>Secretario.- Juan Carlos Fuentes Pur\u00f3n.<\/p>\n<p>Protesorero.- Martha Gloria Canudas Lara.<\/p>\n<p>Prosecretario.- Gerardo Ortiz Ochoa<\/p>\n<p>Primer Vocal.- Seraf\u00edn Baldomar Mella<\/p>\n<p>Segundo Vocal.- Gerardo Guerrero Iguar\u00e1n.<\/p>\n<p>Tercer Vocal.- Ofelia Paz Hern\u00e1ndez<\/p>\n<p>Cuarto Vocal.- Nori Elvia Armas Couary.<\/p>\n<p>Primer Vocal Suplente.- Julio Antonio Fern\u00e1ndez Ruiz.<\/p>\n<p>Segundo Vocal Suplente.- Mario Alegre M\u00e1rquez.<\/p>\n<p>Tercer Vocal Suplente.- Emma Belem Santa Paula Ramo.<\/p>\n<p>Cuarto Vocal Suplente.- Gabriel L\u00f3pez P\u00e9rez.<\/p>\n","protected":false},"excerpt":{"rendered":"<p>Alejandro \u00c1vila Veracruz, Ver.- Mario Cruz Herrera ser\u00e1 es el nuevo presidente del Centro Deportivo Veracruzano, puesto que ostentar\u00e1 hasta el 2027. De acuerdo al conteo de los votos por parte de los escrutadores y el acta de votaci\u00f3n, la planilla fue de unidad, por lo que, sus agremiados votaron en santa paz, sin ning\u00fan [&hellip;]<\/p>\n","protected":false},"author":2476,"featured_media":63334,"comment_status":"open","ping_status":"open","sticky":false,"template":"","format":"standard","meta":{"_jetpack_memberships_contains_paid_content":false,"footnotes":""},"categories":[2],"tags":[],"class_list":["post-63333","post","type-post","status-publish","format-standard","has-post-thumbnail","hentry","category-estado"],"jetpack_featured_media_url":"https:\/\/encuentroinformativo.com.mx\/wp-content\/uploads\/2025\/02\/IMG-20250203-WA00452.jpg","jetpack_sharing_enabled":true,"jetpack_likes_enabled":true,"amp_enabled":true,"_links":{"self":[{"href":"https:\/\/encuentroinformativo.com.mx\/index.php?rest_route=\/wp\/v2\/posts\/63333","targetHints":{"allow":["GET"]}}],"collection":[{"href":"https:\/\/encuentroinformativo.com.mx\/index.php?rest_route=\/wp\/v2\/posts"}],"about":[{"href":"https:\/\/encuentroinformativo.com.mx\/index.php?rest_route=\/wp\/v2\/types\/post"}],"author":[{"embeddable":true,"href":"https:\/\/encuentroinformativo.com.mx\/index.php?rest_route=\/wp\/v2\/users\/2476"}],"replies":[{"embeddable":true,"href":"https:\/\/encuentroinformativo.com.mx\/index.php?rest_route=%2Fwp%2Fv2%2Fcomments&post=63333"}],"version-history":[{"count":1,"href":"https:\/\/encuentroinformativo.com.mx\/index.php?rest_route=\/wp\/v2\/posts\/63333\/revisions"}],"predecessor-version":[{"id":63335,"href":"https:\/\/encuentroinformativo.com.mx\/index.php?rest_route=\/wp\/v2\/posts\/63333\/revisions\/63335"}],"wp:featuredmedia":[{"embeddable":true,"href":"https:\/\/encuentroinformativo.com.mx\/index.php?rest_route=\/wp\/v2\/media\/63334"}],"wp:attachment":[{"href":"https:\/\/encuentroinformativo.com.mx\/index.php?rest_route=%2Fwp%2Fv2%2Fmedia&parent=63333"}],"wp:term":[{"taxonomy":"category","embeddable":true,"href":"https:\/\/encuentroinformativo.com.mx\/index.php?rest_route=%2Fwp%2Fv2%2Fcategories&post=63333"},{"taxonomy":"post_tag","embeddable":true,"href":"https:\/\/encuentroinformativo.com.mx\/index.php?rest_route=%2Fwp%2Fv2%2Ftags&post=63333"}],"curies":[{"name":"wp","href":"https:\/\/api.w.org\/{rel}","templated":true}]}}