{"id":63346,"date":"2025-02-04T09:53:08","date_gmt":"2025-02-04T15:53:08","guid":{"rendered":"https:\/\/encuentroinformativo.com.mx\/?p=63346"},"modified":"2025-02-04T09:53:08","modified_gmt":"2025-02-04T15:53:08","slug":"el-sentimiento-de-omar-blanco","status":"publish","type":"post","link":"https:\/\/encuentroinformativo.com.mx\/?p=63346","title":{"rendered":"EL SENTIMIENTO DE OMAR BLANCO"},"content":{"rendered":"<p dir=\"ltr\"><strong>Los Pol\u00edticos<\/strong><\/p>\n<p dir=\"ltr\"><strong>Salvador Mu\u00f1oz<\/strong><\/p>\n<p><span style=\"font-size: 1rem;\">Hay una sensaci\u00f3n rara que vive Omar Edmundo Blanco Mart\u00ednez cada que se echa una siesta de 15 \u00f3 20 minutos. El despertar es sacudido por una negaci\u00f3n: \u00bfpor qu\u00e9 a m\u00ed? \u00bfpor qu\u00e9 me pas\u00f3 esto? Si bien, las terapias lo han ayudado a \u201caceptar\u201d la p\u00e9rdida de movilidad en sus piernas, y se adapta a su nueva vida, esos episodios curiosos s\u00f3lo se repiten cuando dormita un poco\u2026<\/span><\/p>\n<p dir=\"ltr\">Omar Edmundo es el primer diputado en el Congreso local con una discapacidad. Llega a la curul v\u00eda Morena. Pasa sin ning\u00fan problema con su silla de ruedas por los pasillos del Palacio Legislativo apoyado por Cristian, persona de sus confianzas, quien desde que sufri\u00f3 el accidente, lo viene acompa\u00f1ando.<\/p>\n<p dir=\"ltr\">El diputado Omar est\u00e1 casado con Elizabeth Reyes Morales, actual presidenta municipal de Sochiapa. Hace tres a\u00f1os aproximadamente,\u00a0hubo por la noche un derrumbe en la carretera federal Huatusco-Conejos. Al terminar de limpiar el camino, se desgaj\u00f3 un \u00e1rbol y cay\u00f3 encima del carro cuando regresaba con su esposa y dos amigos que trabajan en el ayuntamiento. La alcaldesa result\u00f3 con fractura en costillas y en un brazo. Los otros compa\u00f1eros tuvieron que ser operados en las piernas, pies y otras fracturas, pero el m\u00e1s afectado result\u00f3 Omar Edmundo: Fracturas en costillas, pulm\u00f3n perforado y lesi\u00f3n medular en la columna.<\/p>\n<p dir=\"ltr\">Es uno de los diputados m\u00e1s atentos y amable, con una sonrisa generosa, pero no fue f\u00e1cil llegar a ese estado. Muchos lo ven como si nada, otros le dan fuerzas, incluso le dicen que quisieran ser como \u00e9l, como si no le hubiera afectado, pero no es as\u00ed\u2026 durante dos a\u00f1os evit\u00f3 que su comunidad lo viera en silla de ruedas, y si acompa\u00f1aba a su esposa, se quedaba esperando en la camioneta, incluso, si ten\u00eda que acudir a las oficinas, llegaba antes que todos para que lo vieran s\u00f3lo detr\u00e1s del escritorio.<\/p>\n<p dir=\"ltr\">S\u00ed, hubo terapias y si bien, hoy se le ve relajado, tranquilo, con esa sonrisa amable, no es f\u00e1cil despertar un d\u00eda en un hospital y te digan que es probable que no vuelvas a caminar.<\/p>\n<p dir=\"ltr\">Sufri\u00f3 una lesi\u00f3n medular, y est\u00e1 consciente que no hay medicina ni operaci\u00f3n que la cure\u2026 Le hablaron de terapia y conforme se va avanzando, hay la posibilidad de que haya una reacci\u00f3n\u2026 estuvo yendo al Criver, en Veracruz con algunos especialistas, haciendo terapia y si bien recuper\u00f3 sensibilidad en las piernas, el movimiento, no. \u201cY conforme pasa el tiempo, las probabilidades son menos de\u2026\u201d<\/p>\n<p dir=\"ltr\">\u2013\u00bfDe que se recupere? \u2013completo.<\/p>\n<p dir=\"ltr\">El diputado Blanco Mart\u00ednez acepta ya no ser la \u00fanica persona en silla de ruedas, \u201cy aunque no nos hacemos las v\u00edctimas, es algo que s\u00ed pega, que s\u00ed duele porque es muy laborioso adaptarnos otra vez a la vida normal\u201d.<\/p>\n<p dir=\"ltr\">Pasa por las instalaciones del Congreso local sin problemas, \u201ces muy accesible\u201d. Y comenta que se est\u00e1 trabajando con el coordinador Esteban Bautista Hern\u00e1ndez para subir al pleno ya a la Tribuna, \u201c\u00a1ya est\u00e1 el proyecto y todo! Apenas nos van a ense\u00f1ar el dise\u00f1o de c\u00f3mo qued\u00f3\u201d.<\/p>\n<p dir=\"ltr\">Al hablar con el diputado, me parece entender en \u00e9l las diferencias entre Aceptaci\u00f3n y Resignaci\u00f3n. S\u00ed, acepta que su vida cambi\u00f3 radicalmente tras el accidente que lo puso en silla de ruedas. Pero al parecer, su esp\u00edritu de cierto modo no se Resigna\u2026 y es natural, por eso, cuando duerme y al otro d\u00eda despierta, inicia su vida normal, sin pensar en la silla ni nada, ni qu\u00e9 le pas\u00f3 ni nada\u2026 \u201cpero siempre tengo un sue\u00f1o cuando tengo una siestecita. Me duermo quince, veinte minutos y siempre despierto con la tristeza de por qu\u00e9 estoy as\u00ed\u2026 por qu\u00e9 me pas\u00f3 esto\u201d.<\/p>\n<p dir=\"ltr\">Omar Edmundo tiene en claro que una discapacidad se ve de diferentes formas. Al menos cuando hay una discapacidad por nacimiento, \u201cpues yo creo que vas creciendo y te vas adaptando, pero una adquirida, al menos en mi caso, pues s\u00ed, tambi\u00e9n es un golpe\u201d.<\/p>\n","protected":false},"excerpt":{"rendered":"<p>Los Pol\u00edticos Salvador Mu\u00f1oz Hay una sensaci\u00f3n rara que vive Omar Edmundo Blanco Mart\u00ednez cada que se echa una siesta de 15 \u00f3 20 minutos. El despertar es sacudido por una negaci\u00f3n: \u00bfpor qu\u00e9 a m\u00ed? \u00bfpor qu\u00e9 me pas\u00f3 esto? Si bien, las terapias lo han ayudado a \u201caceptar\u201d la p\u00e9rdida de movilidad en [&hellip;]<\/p>\n","protected":false},"author":2476,"featured_media":387,"comment_status":"open","ping_status":"open","sticky":false,"template":"","format":"standard","meta":{"_jetpack_memberships_contains_paid_content":false,"footnotes":""},"categories":[11],"tags":[],"class_list":["post-63346","post","type-post","status-publish","format-standard","has-post-thumbnail","hentry","category-opinion"],"jetpack_featured_media_url":"https:\/\/encuentroinformativo.com.mx\/wp-content\/uploads\/2020\/03\/7CF8A22B-2764-47BE-8F7F-38FE9E5D6A2F.jpeg","jetpack_sharing_enabled":true,"jetpack_likes_enabled":true,"amp_enabled":true,"_links":{"self":[{"href":"https:\/\/encuentroinformativo.com.mx\/index.php?rest_route=\/wp\/v2\/posts\/63346","targetHints":{"allow":["GET"]}}],"collection":[{"href":"https:\/\/encuentroinformativo.com.mx\/index.php?rest_route=\/wp\/v2\/posts"}],"about":[{"href":"https:\/\/encuentroinformativo.com.mx\/index.php?rest_route=\/wp\/v2\/types\/post"}],"author":[{"embeddable":true,"href":"https:\/\/encuentroinformativo.com.mx\/index.php?rest_route=\/wp\/v2\/users\/2476"}],"replies":[{"embeddable":true,"href":"https:\/\/encuentroinformativo.com.mx\/index.php?rest_route=%2Fwp%2Fv2%2Fcomments&post=63346"}],"version-history":[{"count":1,"href":"https:\/\/encuentroinformativo.com.mx\/index.php?rest_route=\/wp\/v2\/posts\/63346\/revisions"}],"predecessor-version":[{"id":63347,"href":"https:\/\/encuentroinformativo.com.mx\/index.php?rest_route=\/wp\/v2\/posts\/63346\/revisions\/63347"}],"wp:featuredmedia":[{"embeddable":true,"href":"https:\/\/encuentroinformativo.com.mx\/index.php?rest_route=\/wp\/v2\/media\/387"}],"wp:attachment":[{"href":"https:\/\/encuentroinformativo.com.mx\/index.php?rest_route=%2Fwp%2Fv2%2Fmedia&parent=63346"}],"wp:term":[{"taxonomy":"category","embeddable":true,"href":"https:\/\/encuentroinformativo.com.mx\/index.php?rest_route=%2Fwp%2Fv2%2Fcategories&post=63346"},{"taxonomy":"post_tag","embeddable":true,"href":"https:\/\/encuentroinformativo.com.mx\/index.php?rest_route=%2Fwp%2Fv2%2Ftags&post=63346"}],"curies":[{"name":"wp","href":"https:\/\/api.w.org\/{rel}","templated":true}]}}