{"id":63348,"date":"2025-02-04T12:59:23","date_gmt":"2025-02-04T18:59:23","guid":{"rendered":"https:\/\/encuentroinformativo.com.mx\/?p=63348"},"modified":"2025-02-04T12:59:23","modified_gmt":"2025-02-04T18:59:23","slug":"desconocen-a-sindicato-y-dan-de-baja-a-137-empleados-de-la-pma","status":"publish","type":"post","link":"https:\/\/encuentroinformativo.com.mx\/?p=63348","title":{"rendered":"Desconocen a sindicato y dan de baja a 137 empleados de la PMA"},"content":{"rendered":"<p><strong><span style=\"font-size: 1rem;\">Alejandro \u00c1vila<\/span><\/strong><\/p>\n<p>Boca del R\u00edo, Ver.- El sindicato de empleados de la Procuradur\u00eda de Medio Ambiente (PMA) fue desconocido por el nuevo titular de la dependencia estatal, y los 137 agremiados fueron despedidos desde el pasado 1 de febrero.<\/p>\n<p>H\u00e9ctor Palestino Andrade, secretario general del sindicato de empleados de la Procuradur\u00eda de Medio Ambiente, se\u00f1al\u00f3 que el pasado viernes 31 de enero se rompi\u00f3 la mesa de di\u00e1logo y, minutos m\u00e1s tarde, fueron notificados de que hab\u00edan sido despedidos de sus puestos en las oficinas centrales de la PMA y el Aquarium de Veracruz.<\/p>\n<p>El sindicato de empleados de la Procuradur\u00eda de Medio Ambiente de Veracruz se comenz\u00f3 a constituir a partir 2021 y, en ese mismo a\u00f1o logr\u00f3 su primer toma de nota, posteriormente la refrend\u00f3 en el 2023.<\/p>\n<p>&#8220;Hicimos una minuta de trabajo el d\u00eda mi\u00e9rcoles y, el d\u00eda viernes, aqu\u00ed est\u00e1 la minuta de trabajo, la pueden observar y aqu\u00ed est\u00e1 la firma del Procurador donde reconoc\u00eda al sindicato, que s\u00ed exist\u00eda un sindicato. El d\u00eda viernes nos volvimos a sentar en la mesa pero el Procurador quer\u00eda que fuera testigo una de las personas que estuvo coaccionando a que renunciaremos al sindicato el d\u00eda mi\u00e9rcoles, o sea el d\u00eda viernes s\u00ed lo reconoci\u00f3, estuvo presente, como yo le dije que me permitiera que entrara uno de los abogados o uno de los asesores jur\u00eddicos, me dijo que no, que solamente \u00e9l, y yo le dije que no pod\u00eda sentarme en una mesa con una persona que dos d\u00edas antes estuvo coaccionando la renuncia del secretario, se molest\u00f3 el Procurador, se par\u00f3 de la mesa y me dijo que desde ese momento romp\u00eda todo lazo laboral con el sindicato y que todos estaban despedidos&#8221;, mencion\u00f3 en entrevista.<\/p>\n<p>Los afectados se\u00f1alaron que el Procurador de Medio Ambiente, \u00c1ngel Carrizales, con apenas dos meses en el cargo, no ha respondido a las dos citatorios en el Tribunal de Conciliaci\u00f3n y Arbitraje; por lo cual, el siguiente paso ser\u00e1 buscar una reuni\u00f3n con la gobernadora, Roc\u00edo Nahle Garc\u00eda, para que los ayude a resolver su situaci\u00f3n.<\/p>\n","protected":false},"excerpt":{"rendered":"<p>Alejandro \u00c1vila Boca del R\u00edo, Ver.- El sindicato de empleados de la Procuradur\u00eda de Medio Ambiente (PMA) fue desconocido por el nuevo titular de la dependencia estatal, y los 137 agremiados fueron despedidos desde el pasado 1 de febrero. H\u00e9ctor Palestino Andrade, secretario general del sindicato de empleados de la Procuradur\u00eda de Medio Ambiente, se\u00f1al\u00f3 [&hellip;]<\/p>\n","protected":false},"author":2476,"featured_media":63349,"comment_status":"open","ping_status":"open","sticky":false,"template":"","format":"standard","meta":{"_jetpack_memberships_contains_paid_content":false,"footnotes":""},"categories":[2],"tags":[],"class_list":["post-63348","post","type-post","status-publish","format-standard","has-post-thumbnail","hentry","category-estado"],"jetpack_featured_media_url":"https:\/\/encuentroinformativo.com.mx\/wp-content\/uploads\/2025\/02\/IMG-20250204-WA02142.jpg","jetpack_sharing_enabled":true,"jetpack_likes_enabled":true,"amp_enabled":true,"_links":{"self":[{"href":"https:\/\/encuentroinformativo.com.mx\/index.php?rest_route=\/wp\/v2\/posts\/63348","targetHints":{"allow":["GET"]}}],"collection":[{"href":"https:\/\/encuentroinformativo.com.mx\/index.php?rest_route=\/wp\/v2\/posts"}],"about":[{"href":"https:\/\/encuentroinformativo.com.mx\/index.php?rest_route=\/wp\/v2\/types\/post"}],"author":[{"embeddable":true,"href":"https:\/\/encuentroinformativo.com.mx\/index.php?rest_route=\/wp\/v2\/users\/2476"}],"replies":[{"embeddable":true,"href":"https:\/\/encuentroinformativo.com.mx\/index.php?rest_route=%2Fwp%2Fv2%2Fcomments&post=63348"}],"version-history":[{"count":1,"href":"https:\/\/encuentroinformativo.com.mx\/index.php?rest_route=\/wp\/v2\/posts\/63348\/revisions"}],"predecessor-version":[{"id":63350,"href":"https:\/\/encuentroinformativo.com.mx\/index.php?rest_route=\/wp\/v2\/posts\/63348\/revisions\/63350"}],"wp:featuredmedia":[{"embeddable":true,"href":"https:\/\/encuentroinformativo.com.mx\/index.php?rest_route=\/wp\/v2\/media\/63349"}],"wp:attachment":[{"href":"https:\/\/encuentroinformativo.com.mx\/index.php?rest_route=%2Fwp%2Fv2%2Fmedia&parent=63348"}],"wp:term":[{"taxonomy":"category","embeddable":true,"href":"https:\/\/encuentroinformativo.com.mx\/index.php?rest_route=%2Fwp%2Fv2%2Fcategories&post=63348"},{"taxonomy":"post_tag","embeddable":true,"href":"https:\/\/encuentroinformativo.com.mx\/index.php?rest_route=%2Fwp%2Fv2%2Ftags&post=63348"}],"curies":[{"name":"wp","href":"https:\/\/api.w.org\/{rel}","templated":true}]}}