{"id":63351,"date":"2025-02-04T13:08:49","date_gmt":"2025-02-04T19:08:49","guid":{"rendered":"https:\/\/encuentroinformativo.com.mx\/?p=63351"},"modified":"2025-02-04T14:09:17","modified_gmt":"2025-02-04T20:09:17","slug":"piden-aprobar-ley-de-identidad-de-genero-autopercibida","status":"publish","type":"post","link":"https:\/\/encuentroinformativo.com.mx\/?p=63351","title":{"rendered":"Piden aprobar Ley de Identidad de G\u00e9nero Autopercibida"},"content":{"rendered":"<p><strong><span style=\"font-size: 1rem;\">Dar\u00edo Pale<\/span><\/strong><\/p>\n<p>Xalapa, Ver.- Para que en Veracruz se les reconozcan diferentes derechos, entre ellos laborales, a la educaci\u00f3n y para contar con documentos oficiales con su cambio de identidad de g\u00e9nero, los integrantes de la Alianza Trans conformada por diferentes colectivos a nivel estatal pidieron que se apruebe la Ley de Identidad de G\u00e9nero Autopercibida en el Congreso del Estado.<\/p>\n<p>Este martes Samara Viveros, presidenta del colectivo Manos en Rosa, del municipio de Mart\u00ednez de la Torre dio a conocer que fueron convocadas para conocer un proyecto mediante el cual se presentar\u00e1 una iniciativa en la actual Legislatura con el que se pretende reconocer la identidad de g\u00e9nero tanto de mujeres como de hombres trans.<\/p>\n<p>&#8220;Para nosotras el d\u00eda de hoy es muy importante porque vamos a partir, presentando ante ustedes esta alianza de diferentes municipios, pero sobre todo, vamos a empezar a trabajar un tema muy importante. Necesitamos tener la certeza jur\u00eddica, que el Estado nos reconozca&#8221;, dijo.<\/p>\n<p>Rafaela Pulido Cano Subdirectora de la Asociaci\u00f3n MOVIT lament\u00f3 que haya un rezago en la aprobaci\u00f3n de dichos derechos, aunque reconoci\u00f3 que actualmente hay \u201capertura\u201d en las instituciones para las personas trans, entre estas, el Congreso del Estado y el Poder Judicial del Estado.<\/p>\n<p>Finalmente respecto a los cr\u00edmenes de odio, se\u00f1alaron que no hay un registro oficial de v\u00edctimas, pues no est\u00e1 tipificado el transfeminicidio como tal.<\/p>\n","protected":false},"excerpt":{"rendered":"<p>Dar\u00edo Pale Xalapa, Ver.- Para que en Veracruz se les reconozcan diferentes derechos, entre ellos laborales, a la educaci\u00f3n y para contar con documentos oficiales con su cambio de identidad de g\u00e9nero, los integrantes de la Alianza Trans conformada por diferentes colectivos a nivel estatal pidieron que se apruebe la Ley de Identidad de G\u00e9nero [&hellip;]<\/p>\n","protected":false},"author":2476,"featured_media":63352,"comment_status":"open","ping_status":"open","sticky":false,"template":"","format":"standard","meta":{"_jetpack_memberships_contains_paid_content":false,"footnotes":""},"categories":[2],"tags":[],"class_list":["post-63351","post","type-post","status-publish","format-standard","has-post-thumbnail","hentry","category-estado"],"jetpack_featured_media_url":"https:\/\/encuentroinformativo.com.mx\/wp-content\/uploads\/2025\/02\/IMG-20250204-WA0247.jpg","jetpack_sharing_enabled":true,"jetpack_likes_enabled":true,"amp_enabled":true,"_links":{"self":[{"href":"https:\/\/encuentroinformativo.com.mx\/index.php?rest_route=\/wp\/v2\/posts\/63351","targetHints":{"allow":["GET"]}}],"collection":[{"href":"https:\/\/encuentroinformativo.com.mx\/index.php?rest_route=\/wp\/v2\/posts"}],"about":[{"href":"https:\/\/encuentroinformativo.com.mx\/index.php?rest_route=\/wp\/v2\/types\/post"}],"author":[{"embeddable":true,"href":"https:\/\/encuentroinformativo.com.mx\/index.php?rest_route=\/wp\/v2\/users\/2476"}],"replies":[{"embeddable":true,"href":"https:\/\/encuentroinformativo.com.mx\/index.php?rest_route=%2Fwp%2Fv2%2Fcomments&post=63351"}],"version-history":[{"count":2,"href":"https:\/\/encuentroinformativo.com.mx\/index.php?rest_route=\/wp\/v2\/posts\/63351\/revisions"}],"predecessor-version":[{"id":63360,"href":"https:\/\/encuentroinformativo.com.mx\/index.php?rest_route=\/wp\/v2\/posts\/63351\/revisions\/63360"}],"wp:featuredmedia":[{"embeddable":true,"href":"https:\/\/encuentroinformativo.com.mx\/index.php?rest_route=\/wp\/v2\/media\/63352"}],"wp:attachment":[{"href":"https:\/\/encuentroinformativo.com.mx\/index.php?rest_route=%2Fwp%2Fv2%2Fmedia&parent=63351"}],"wp:term":[{"taxonomy":"category","embeddable":true,"href":"https:\/\/encuentroinformativo.com.mx\/index.php?rest_route=%2Fwp%2Fv2%2Fcategories&post=63351"},{"taxonomy":"post_tag","embeddable":true,"href":"https:\/\/encuentroinformativo.com.mx\/index.php?rest_route=%2Fwp%2Fv2%2Ftags&post=63351"}],"curies":[{"name":"wp","href":"https:\/\/api.w.org\/{rel}","templated":true}]}}