{"id":63357,"date":"2025-02-04T13:39:54","date_gmt":"2025-02-04T19:39:54","guid":{"rendered":"https:\/\/encuentroinformativo.com.mx\/?p=63357"},"modified":"2025-02-04T13:39:54","modified_gmt":"2025-02-04T19:39:54","slug":"pri-se-queda-sin-estructura-para-proceso-electoral-reconoce-dirigencia","status":"publish","type":"post","link":"https:\/\/encuentroinformativo.com.mx\/?p=63357","title":{"rendered":"PRI se queda sin estructura para\u00a0 proceso electoral, reconoce dirigencia\u00a0"},"content":{"rendered":"<p><strong style=\"font-size: 1rem;\">Alejandro \u00c1vila<\/strong><\/p>\n<p>Veracruz, Ver.- El presidente del PRI en Veracruz, Adolfo Ram\u00edrez Arana, confirm\u00f3 que gran parte de la estructura del Revolucionario Institucional se mud\u00f3 a otros partidos, en su mayor\u00eda a Morena.<\/p>\n<p>De visita en el puerto de Veracruz dijo que tendr\u00e1n que hacer un an\u00e1lisis de el n\u00famero de seccionales con los que cuentan a la fecha, esperando que las nuevas generaciones se quieran sumar al tricolor a pesar de las sendas derrotas que han tenido en las \u00faltimos procesos electorales.<\/p>\n<p>&#8220;Unos se van pero muchos vienen, hoy nosotros y a eso atiende esta reuni\u00f3n, a que tenemos que hacer un balance de los seccionales que tenemos activos, donde no hay, volver a nombrar, le vamos a dar entrada a la juventud, a las mujeres, y un reconocimiento a quienes hoy se mantienen estoicos, leales a nuestro partido aqu\u00ed, pese a las derrotas que se han sufrido y a todo lo que ha acontecido&#8221;, mencion\u00f3.<\/p>\n<p>En otro tema, se neg\u00f3 a confirmar a Carolina Gudi\u00f1o Corro como la candidata a la alcald\u00eda de Veracruz; cabe recordar que la ex alcaldesa lleva dos derrotas significativas.<\/p>\n<p>En el 2015 como aspirante a la diputaci\u00f3n federal por el Distrito IV y abanderada del Partido Verde, logrando solo 27 644 votos, perdiendo por m\u00e1s de 22 mil votos contra Francisco Guti\u00e9rrez de Velasco; mientras que en el 2021 perdi\u00f3 la diputaci\u00f3n local por el Distrito 14 por m\u00e1s de 7 mil votos, contra Fernando Arteaga Aponte, la derrota no fue tan estrepitosa gracias a que el PAN le aport\u00f3 35 118 votos, ya que el PRI \u00fanicamente dio 5 122.<\/p>\n<p>&#8220;Nosotros expedimos convocatoria el d\u00eda 10 de febrero y los registros de nuestros aspirantes ser\u00e1n entre el d\u00eda 21 y 23 de febrero, que sabemos ya, ah\u00ed sabremos quienes se enlistan para poder contender por el puerto de Veracruz&#8221;, culmin\u00f3.<\/p>\n","protected":false},"excerpt":{"rendered":"<p>Alejandro \u00c1vila Veracruz, Ver.- El presidente del PRI en Veracruz, Adolfo Ram\u00edrez Arana, confirm\u00f3 que gran parte de la estructura del Revolucionario Institucional se mud\u00f3 a otros partidos, en su mayor\u00eda a Morena. De visita en el puerto de Veracruz dijo que tendr\u00e1n que hacer un an\u00e1lisis de el n\u00famero de seccionales con los que [&hellip;]<\/p>\n","protected":false},"author":2476,"featured_media":63358,"comment_status":"open","ping_status":"open","sticky":false,"template":"","format":"standard","meta":{"_jetpack_memberships_contains_paid_content":false,"footnotes":""},"categories":[2],"tags":[],"class_list":["post-63357","post","type-post","status-publish","format-standard","has-post-thumbnail","hentry","category-estado"],"jetpack_featured_media_url":"https:\/\/encuentroinformativo.com.mx\/wp-content\/uploads\/2025\/02\/IMG-20250204-WA02692.jpg","jetpack_sharing_enabled":true,"jetpack_likes_enabled":true,"amp_enabled":true,"_links":{"self":[{"href":"https:\/\/encuentroinformativo.com.mx\/index.php?rest_route=\/wp\/v2\/posts\/63357","targetHints":{"allow":["GET"]}}],"collection":[{"href":"https:\/\/encuentroinformativo.com.mx\/index.php?rest_route=\/wp\/v2\/posts"}],"about":[{"href":"https:\/\/encuentroinformativo.com.mx\/index.php?rest_route=\/wp\/v2\/types\/post"}],"author":[{"embeddable":true,"href":"https:\/\/encuentroinformativo.com.mx\/index.php?rest_route=\/wp\/v2\/users\/2476"}],"replies":[{"embeddable":true,"href":"https:\/\/encuentroinformativo.com.mx\/index.php?rest_route=%2Fwp%2Fv2%2Fcomments&post=63357"}],"version-history":[{"count":1,"href":"https:\/\/encuentroinformativo.com.mx\/index.php?rest_route=\/wp\/v2\/posts\/63357\/revisions"}],"predecessor-version":[{"id":63359,"href":"https:\/\/encuentroinformativo.com.mx\/index.php?rest_route=\/wp\/v2\/posts\/63357\/revisions\/63359"}],"wp:featuredmedia":[{"embeddable":true,"href":"https:\/\/encuentroinformativo.com.mx\/index.php?rest_route=\/wp\/v2\/media\/63358"}],"wp:attachment":[{"href":"https:\/\/encuentroinformativo.com.mx\/index.php?rest_route=%2Fwp%2Fv2%2Fmedia&parent=63357"}],"wp:term":[{"taxonomy":"category","embeddable":true,"href":"https:\/\/encuentroinformativo.com.mx\/index.php?rest_route=%2Fwp%2Fv2%2Fcategories&post=63357"},{"taxonomy":"post_tag","embeddable":true,"href":"https:\/\/encuentroinformativo.com.mx\/index.php?rest_route=%2Fwp%2Fv2%2Ftags&post=63357"}],"curies":[{"name":"wp","href":"https:\/\/api.w.org\/{rel}","templated":true}]}}