{"id":63365,"date":"2025-02-04T14:24:12","date_gmt":"2025-02-04T20:24:12","guid":{"rendered":"https:\/\/encuentroinformativo.com.mx\/?p=63365"},"modified":"2025-02-04T14:24:12","modified_gmt":"2025-02-04T20:24:12","slug":"cafetaleros-solicitan-audiencia-con-gobernadora-nahle-piden-apoyos","status":"publish","type":"post","link":"https:\/\/encuentroinformativo.com.mx\/?p=63365","title":{"rendered":"Cafetaleros solicitan audiencia con gobernadora Nahle, piden apoyos"},"content":{"rendered":"<p><strong style=\"font-size: 1rem;\">Dar\u00edo Pale<\/strong><\/p>\n<p>Xalapa, Ver.- De nueva cuenta cafetaleros solicitaron una audiencia con la gobernadora Roc\u00edo Nahle Garc\u00eda para abordar la problem\u00e1tica de la ca\u00edda en el precio del caf\u00e9, y que tambi\u00e9n el gobierno federal los apoye con las grandes empresas compradoras de caf\u00e9 en el estado.<\/p>\n<p>En conferencia de prensa Fernando Celis Callejas, asesor general de la Coordinadora Nacional de Organizaciones Cafetaleras, denunci\u00f3 que, a pesar de haber solicitado atenci\u00f3n desde hace varios d\u00edas, los productores siguen sin ser escuchados.<\/p>\n<p>Por lo que ante esta situaci\u00f3n, reiteraron la necesidad de la intervenci\u00f3n tanto del Gobierno Estatal como del Federal para frenar el impacto econ\u00f3mico negativo que enfrentan miles de familias dedicadas al cultivo del arom\u00e1tico.<\/p>\n<p>\u201cLa semana pasada entregamos un escrito a la gobernadora y ahora presentamos un segundo documento. \u00bfQu\u00e9 va a pasar? \u00bfSeguir\u00e1n bajando los precios? Necesitamos que el Gobierno Federal intervenga y que la gobernadora dialogue con los compradores para detener esta reducci\u00f3n injustificada en los precios\u201d, se\u00f1al\u00f3.<\/p>\n<p>El asesor denunci\u00f3 que la baja en los precios es impulsada por grandes empresas compradoras de caf\u00e9 en Veracruz, como Agroindustrias Unidas de M\u00e9xico (AMSA) y Nestl\u00e9, esta \u00faltima a trav\u00e9s de intermediarios externos.<\/p>\n<p>Adem\u00e1s, asegur\u00f3 que los cafetaleros han sido objeto de presiones para evitar que se movilicen o exijan precios justos, advirti\u00e9ndoles que, si protestan, las empresas podr\u00edan reducir a\u00fan m\u00e1s el monto que pagan por el grano.<\/p>\n<p>\u201cHay una campa\u00f1a de intimidaci\u00f3n contra los productores. Les dicen que no se re\u00fanan ni protesten porque, de lo contrario, el precio bajar\u00e1 a\u00fan m\u00e1s. Ayer mismo, cuando anunciamos esta conferencia de prensa, redujeron los precios\u201d, acus\u00f3.<\/p>\n<p>Asimismo, acus\u00f3 a las grandes empresas de operar como un oligopolio, manipulando los precios del caf\u00e9 en perjuicio de los productores.<\/p>\n<p>\u201cEs un abuso abierto. Varias compa\u00f1\u00edas se ponen de acuerdo para fijar precios a la baja, lideradas por AMSA. Sin embargo, el caf\u00e9 que exportan lo venden a un precio mucho m\u00e1s alto\u201d, afirm\u00f3.<\/p>\n<p>Celis Callejas record\u00f3 que en Veracruz hay m\u00e1s de 95 mil productores de caf\u00e9, quienes ve\u00edan en el incremento de los precios internacionales una oportunidad para mejorar su econom\u00eda e invertir en sus cultivos. Sin embargo, advirti\u00f3 que sin el respaldo de los gobiernos estatal y federal, ser\u00e1 dif\u00edcil llegar a un acuerdo justo con las empresas compradoras y garantizar condiciones equitativas para los cafetaleros de la regi\u00f3n.<\/p>\n","protected":false},"excerpt":{"rendered":"<p>Dar\u00edo Pale Xalapa, Ver.- De nueva cuenta cafetaleros solicitaron una audiencia con la gobernadora Roc\u00edo Nahle Garc\u00eda para abordar la problem\u00e1tica de la ca\u00edda en el precio del caf\u00e9, y que tambi\u00e9n el gobierno federal los apoye con las grandes empresas compradoras de caf\u00e9 en el estado. En conferencia de prensa Fernando Celis Callejas, asesor [&hellip;]<\/p>\n","protected":false},"author":2476,"featured_media":63366,"comment_status":"open","ping_status":"open","sticky":false,"template":"","format":"standard","meta":{"_jetpack_memberships_contains_paid_content":false,"footnotes":""},"categories":[8],"tags":[],"class_list":["post-63365","post","type-post","status-publish","format-standard","has-post-thumbnail","hentry","category-region"],"jetpack_featured_media_url":"https:\/\/encuentroinformativo.com.mx\/wp-content\/uploads\/2025\/02\/IMG-20250204-WA03242.jpg","jetpack_sharing_enabled":true,"jetpack_likes_enabled":true,"amp_enabled":true,"_links":{"self":[{"href":"https:\/\/encuentroinformativo.com.mx\/index.php?rest_route=\/wp\/v2\/posts\/63365","targetHints":{"allow":["GET"]}}],"collection":[{"href":"https:\/\/encuentroinformativo.com.mx\/index.php?rest_route=\/wp\/v2\/posts"}],"about":[{"href":"https:\/\/encuentroinformativo.com.mx\/index.php?rest_route=\/wp\/v2\/types\/post"}],"author":[{"embeddable":true,"href":"https:\/\/encuentroinformativo.com.mx\/index.php?rest_route=\/wp\/v2\/users\/2476"}],"replies":[{"embeddable":true,"href":"https:\/\/encuentroinformativo.com.mx\/index.php?rest_route=%2Fwp%2Fv2%2Fcomments&post=63365"}],"version-history":[{"count":1,"href":"https:\/\/encuentroinformativo.com.mx\/index.php?rest_route=\/wp\/v2\/posts\/63365\/revisions"}],"predecessor-version":[{"id":63367,"href":"https:\/\/encuentroinformativo.com.mx\/index.php?rest_route=\/wp\/v2\/posts\/63365\/revisions\/63367"}],"wp:featuredmedia":[{"embeddable":true,"href":"https:\/\/encuentroinformativo.com.mx\/index.php?rest_route=\/wp\/v2\/media\/63366"}],"wp:attachment":[{"href":"https:\/\/encuentroinformativo.com.mx\/index.php?rest_route=%2Fwp%2Fv2%2Fmedia&parent=63365"}],"wp:term":[{"taxonomy":"category","embeddable":true,"href":"https:\/\/encuentroinformativo.com.mx\/index.php?rest_route=%2Fwp%2Fv2%2Fcategories&post=63365"},{"taxonomy":"post_tag","embeddable":true,"href":"https:\/\/encuentroinformativo.com.mx\/index.php?rest_route=%2Fwp%2Fv2%2Ftags&post=63365"}],"curies":[{"name":"wp","href":"https:\/\/api.w.org\/{rel}","templated":true}]}}