{"id":63371,"date":"2025-02-04T16:15:39","date_gmt":"2025-02-04T22:15:39","guid":{"rendered":"https:\/\/encuentroinformativo.com.mx\/?p=63371"},"modified":"2025-02-04T16:15:39","modified_gmt":"2025-02-04T22:15:39","slug":"confirman-la-presentacion-en-veracruz-de-perfume-de-gardenias","status":"publish","type":"post","link":"https:\/\/encuentroinformativo.com.mx\/?p=63371","title":{"rendered":"Confirman la presentaci\u00f3n en Veracruz de Perfume de Gardenias"},"content":{"rendered":"<p>Confirman la presentaci\u00f3n en Veracruz de Perfume de Gardenias<\/p>\n<p><strong>Alejandro \u00c1vila<\/strong><\/p>\n<p>Boca del R\u00edo, Ver.- Los actores Arturo Carmona y Julio Camejo estuvieron de visita en Veracruz y confirmaron que el pr\u00f3ximo 2 de marzo el espect\u00e1culo teatral m\u00e1s importante de M\u00e9xico se presentar\u00e1 en el Puerto.<\/p>\n<p>La puesta en escena Perfume de Gardenias, la cual re\u00fane a m\u00e1s de 70 actores de primer nivel y a la internacional Sonora Santanera, tendr\u00e1 una funci\u00f3n a las 7 de la noche en el auditorio &#8220;Benito Ju\u00e1rez&#8221; el pr\u00f3ximo 2 de marzo.<\/p>\n<p>Los empresarios operadores: Javier Reynoso, director general de REYNOSO Producciones y Antonio Camacho, se\u00f1alaron que los boletos ya se encuentran a disposici\u00f3n de los jarochos en la plataforma de Taquilla Red.<\/p>\n<p>\u201cPerfume de Gardenia\u201d es protagonizada por un elenco multiestelar: Aracely Ar\u00e1mbula, David Zepeda, C\u00e9sar \u00c9vora, Jorge Salinas, Elizabeth \u00c1lvarez, Arturo Carmona, Pablo Montero, Latin Lover, Cristi\u00e1n de la Fuente, Luis de Alba, Alejandro Su\u00e1rez, Rafael Incl\u00e1n, Lyn May, Lis Vega, Julio Camejo, Kimberly \u201cLa M\u00e1s Preciosa\u201d y la participaci\u00f3n estelar de \u201cLa Tesorito\u201d Laura Le\u00f3n, con m\u00fasica en vivo der la \u00danica Internacional Sonora Santanera.<\/p>\n<p>Durante la conferencia de prensa, Jos\u00e9 Antonio Camacho confirm\u00f3 el homenaje a Dulce al final de la funci\u00f3n y relat\u00f3 algunas de las tantas an\u00e9cdotas que vivieron durante d\u00e9cadas de amistad. Sobre la actriz que la suplir\u00e1 en la presentaci\u00f3n en Veracruz, manifestaron que en un par de d\u00edas de revelar\u00e1 de qui\u00e9n se trata.<\/p>\n","protected":false},"excerpt":{"rendered":"<p>Confirman la presentaci\u00f3n en Veracruz de Perfume de Gardenias Alejandro \u00c1vila Boca del R\u00edo, Ver.- Los actores Arturo Carmona y Julio Camejo estuvieron de visita en Veracruz y confirmaron que el pr\u00f3ximo 2 de marzo el espect\u00e1culo teatral m\u00e1s importante de M\u00e9xico se presentar\u00e1 en el Puerto. La puesta en escena Perfume de Gardenias, la [&hellip;]<\/p>\n","protected":false},"author":2476,"featured_media":63372,"comment_status":"open","ping_status":"open","sticky":false,"template":"","format":"standard","meta":{"_jetpack_memberships_contains_paid_content":false,"footnotes":""},"categories":[2],"tags":[],"class_list":["post-63371","post","type-post","status-publish","format-standard","has-post-thumbnail","hentry","category-estado"],"jetpack_featured_media_url":"https:\/\/encuentroinformativo.com.mx\/wp-content\/uploads\/2025\/02\/IMG-20250204-WA03842.jpg","jetpack_sharing_enabled":true,"jetpack_likes_enabled":true,"amp_enabled":true,"_links":{"self":[{"href":"https:\/\/encuentroinformativo.com.mx\/index.php?rest_route=\/wp\/v2\/posts\/63371","targetHints":{"allow":["GET"]}}],"collection":[{"href":"https:\/\/encuentroinformativo.com.mx\/index.php?rest_route=\/wp\/v2\/posts"}],"about":[{"href":"https:\/\/encuentroinformativo.com.mx\/index.php?rest_route=\/wp\/v2\/types\/post"}],"author":[{"embeddable":true,"href":"https:\/\/encuentroinformativo.com.mx\/index.php?rest_route=\/wp\/v2\/users\/2476"}],"replies":[{"embeddable":true,"href":"https:\/\/encuentroinformativo.com.mx\/index.php?rest_route=%2Fwp%2Fv2%2Fcomments&post=63371"}],"version-history":[{"count":1,"href":"https:\/\/encuentroinformativo.com.mx\/index.php?rest_route=\/wp\/v2\/posts\/63371\/revisions"}],"predecessor-version":[{"id":63373,"href":"https:\/\/encuentroinformativo.com.mx\/index.php?rest_route=\/wp\/v2\/posts\/63371\/revisions\/63373"}],"wp:featuredmedia":[{"embeddable":true,"href":"https:\/\/encuentroinformativo.com.mx\/index.php?rest_route=\/wp\/v2\/media\/63372"}],"wp:attachment":[{"href":"https:\/\/encuentroinformativo.com.mx\/index.php?rest_route=%2Fwp%2Fv2%2Fmedia&parent=63371"}],"wp:term":[{"taxonomy":"category","embeddable":true,"href":"https:\/\/encuentroinformativo.com.mx\/index.php?rest_route=%2Fwp%2Fv2%2Fcategories&post=63371"},{"taxonomy":"post_tag","embeddable":true,"href":"https:\/\/encuentroinformativo.com.mx\/index.php?rest_route=%2Fwp%2Fv2%2Ftags&post=63371"}],"curies":[{"name":"wp","href":"https:\/\/api.w.org\/{rel}","templated":true}]}}