{"id":63374,"date":"2025-02-04T17:48:15","date_gmt":"2025-02-04T23:48:15","guid":{"rendered":"https:\/\/encuentroinformativo.com.mx\/?p=63374"},"modified":"2025-02-04T17:48:15","modified_gmt":"2025-02-04T23:48:15","slug":"en-xalapa-la-final-nacional-de-mister-supranational-mexico-2025","status":"publish","type":"post","link":"https:\/\/encuentroinformativo.com.mx\/?p=63374","title":{"rendered":"En Xalapa, la final nacional de M\u00edster Supranational M\u00e9xico 2025"},"content":{"rendered":"<p><strong style=\"font-size: 1rem;\">Alejandro \u00c1vila<\/strong><\/p>\n<p>Veracruz, Ver.- Por tercer a\u00f1o consecutivo el estado de Veracruz es sede nacional del certamen M\u00edster Supranational M\u00e9xico 2025 y ser\u00e1 en Xalapa donde se realice la gala final, el s\u00e1bado 8 de febrero en el Teatro del Estado.<\/p>\n<p>Los 32 estados de la Rep\u00fablica Mexicana est\u00e1n representados en esta quinta edici\u00f3n que se lleva a cabo en la capital veracruzana del 1 al 8 de febrero bajo la producci\u00f3n de Lutop\u00eda Estudios que dirige L\u00fa Mart\u00ednez, en donde Zait Reza entregar\u00e1 su t\u00edtulo al pr\u00f3ximo representante de M\u00e9xico en M\u00edster Supranational 2025.<\/p>\n<p>Desde el pasado s\u00e1bado 1 de febrero los 32 hombres m\u00e1s guapos del Supranational M\u00e9xico ya se encuentran en el estado de Veracruz realizando diversas actividades.<\/p>\n<p>PROGRAMA<br \/>\nEl 4 de febrero: Carrera 5K.<br \/>\nEl 5 de febrero: Reto Deportivo. La conferencia \u201cHombres de Acci\u00f3n\u201d y el Reto Cara a Cara.<br \/>\nEl 6 de febrero: Reto Belleza de Playa, en Chachalacas, Veracruz.<br \/>\nEl 7 de febrero: Reto Top Model y Reto Talento (Naolinco).<br \/>\nEl 8 de febrero: Gran Final en el Teatro del Estado. 20:00 horas.<\/p>\n<p>En la concentraci\u00f3n ya se encuentran los directores nacionales, Ad\u00e1n Sotelo y Luis Corzo; as\u00ed como Alan Salazar, M\u00edster World M\u00e9xico 2024 y Zait Reza, M\u00edster Supranational M\u00e9xico 2024.<\/p>\n<p>Cabe se\u00f1alar que M\u00edster Supranational M\u00e9xico, es organizado por Miss M\u00e9xico Organization; Veracruz es representado en M\u00edster Supranational M\u00e9xico 2025 por Omar Silva, originario de Poza Rica.<\/p>\n<p>El certamen Mister Supranational fue fundado por el empresario polaco Gerhard Parzutka Von Lipinsky y la empresaria paname\u00f1a, Marcela Lob\u00f3n, creadora del WBA (World Beauty Association). El joven ganador tendr\u00e1 la oportunidad de representar a M\u00e9xico en el certamen internacional que se efectuar\u00e1 en Polonia.<\/p>\n","protected":false},"excerpt":{"rendered":"<p>Alejandro \u00c1vila Veracruz, Ver.- Por tercer a\u00f1o consecutivo el estado de Veracruz es sede nacional del certamen M\u00edster Supranational M\u00e9xico 2025 y ser\u00e1 en Xalapa donde se realice la gala final, el s\u00e1bado 8 de febrero en el Teatro del Estado. Los 32 estados de la Rep\u00fablica Mexicana est\u00e1n representados en esta quinta edici\u00f3n que [&hellip;]<\/p>\n","protected":false},"author":2476,"featured_media":63375,"comment_status":"open","ping_status":"open","sticky":false,"template":"","format":"standard","meta":{"_jetpack_memberships_contains_paid_content":false,"footnotes":""},"categories":[3],"tags":[],"class_list":["post-63374","post","type-post","status-publish","format-standard","has-post-thumbnail","hentry","category-xalapa"],"jetpack_featured_media_url":"https:\/\/encuentroinformativo.com.mx\/wp-content\/uploads\/2025\/02\/IMG-20250204-WA04262.jpg","jetpack_sharing_enabled":true,"jetpack_likes_enabled":true,"amp_enabled":true,"_links":{"self":[{"href":"https:\/\/encuentroinformativo.com.mx\/index.php?rest_route=\/wp\/v2\/posts\/63374","targetHints":{"allow":["GET"]}}],"collection":[{"href":"https:\/\/encuentroinformativo.com.mx\/index.php?rest_route=\/wp\/v2\/posts"}],"about":[{"href":"https:\/\/encuentroinformativo.com.mx\/index.php?rest_route=\/wp\/v2\/types\/post"}],"author":[{"embeddable":true,"href":"https:\/\/encuentroinformativo.com.mx\/index.php?rest_route=\/wp\/v2\/users\/2476"}],"replies":[{"embeddable":true,"href":"https:\/\/encuentroinformativo.com.mx\/index.php?rest_route=%2Fwp%2Fv2%2Fcomments&post=63374"}],"version-history":[{"count":1,"href":"https:\/\/encuentroinformativo.com.mx\/index.php?rest_route=\/wp\/v2\/posts\/63374\/revisions"}],"predecessor-version":[{"id":63376,"href":"https:\/\/encuentroinformativo.com.mx\/index.php?rest_route=\/wp\/v2\/posts\/63374\/revisions\/63376"}],"wp:featuredmedia":[{"embeddable":true,"href":"https:\/\/encuentroinformativo.com.mx\/index.php?rest_route=\/wp\/v2\/media\/63375"}],"wp:attachment":[{"href":"https:\/\/encuentroinformativo.com.mx\/index.php?rest_route=%2Fwp%2Fv2%2Fmedia&parent=63374"}],"wp:term":[{"taxonomy":"category","embeddable":true,"href":"https:\/\/encuentroinformativo.com.mx\/index.php?rest_route=%2Fwp%2Fv2%2Fcategories&post=63374"},{"taxonomy":"post_tag","embeddable":true,"href":"https:\/\/encuentroinformativo.com.mx\/index.php?rest_route=%2Fwp%2Fv2%2Ftags&post=63374"}],"curies":[{"name":"wp","href":"https:\/\/api.w.org\/{rel}","templated":true}]}}