{"id":63388,"date":"2025-02-05T09:23:57","date_gmt":"2025-02-05T15:23:57","guid":{"rendered":"https:\/\/encuentroinformativo.com.mx\/?p=63388"},"modified":"2025-02-05T09:23:57","modified_gmt":"2025-02-05T15:23:57","slug":"pan-pri-mc-y-pt","status":"publish","type":"post","link":"https:\/\/encuentroinformativo.com.mx\/?p=63388","title":{"rendered":"PAN, PRI, MC Y PT"},"content":{"rendered":"<p dir=\"ltr\"><strong>Los Pol\u00edticos<\/strong><\/p>\n<p dir=\"ltr\"><strong>Salvador Mu\u00f1oz<\/strong><\/p>\n<p dir=\"ltr\"><span style=\"font-size: 1rem;\">La primera respuesta luego de que por parte de la Oposici\u00f3n (PAN y PRI), cada quien va por su lado as\u00ed como por el partido oficial que s\u00f3lo jala con el Verde, es que los beneficiados con esto, ser\u00e1n Morena, el PVEM y MC\u2026<\/span><\/p>\n<p dir=\"ltr\">Es la primera respuesta pero no definitiva.<\/p>\n<p dir=\"ltr\">En el caso de Morena, el golpeteo bajo, las campa\u00f1as de quienes aspiran, y el resultado, pueden desgastar a muchos militantes guindas y a la hora de las elecciones, o previo a ellas, aventar el arpa si no hay una muy buena Operaci\u00f3n Cicatriz por parte de la dirigencia del partido y en una de \u00e9sas, hasta de la misma Gobernadora.<\/p>\n<p dir=\"ltr\">(Cuando se habla de la dirigencia del partido, se excluye a Esteban Ram\u00edrez Zepeta, porque hasta donde se sabe, el convenio de Coalici\u00f3n entre guindas y verdes, lo suscriben Mar\u00eda Luisa Alcalde Luj\u00e1n y Edgar Herrera Lendechy)<\/p>\n<p dir=\"ltr\">Incluso, podr\u00eda haber el chapulineo de guindas al partido de la estrella amarilla (o de otro partido) si no ven la oportunidad de encabezar una candidatura en Morena.<\/p>\n<p dir=\"ltr\">Luego entonces, no basta ni ser el Partidazo ni la selecci\u00f3n de los candidatos y candidatas, sino saber qu\u00e9 hacer con el resto de los aspirantes\u2026 \u00bfincluirlos en las planillas? \u00bfDarles espacio en el Gobierno estatal? \u00a1Ya se ver\u00e1!<\/p>\n<p dir=\"ltr\">Es posible que el hecho de que el PAN y el PRI vayan separados esta vez en las elecciones venideras, de cierto modo podr\u00eda ser un remanso para el militante, sea de uno o sea de otro partido.<\/p>\n<p dir=\"ltr\">A ver, en la elecci\u00f3n para la Gubernatura este pasado 2024, ni los azules estaban cien por ciento convencidos de la alianza con el PRI, ni los rojos con el PAN.<\/p>\n<p dir=\"ltr\">Se supone que el PAN era el enemigo natural del PRI desde su g\u00e9nesis\u2026 y viceversa\u2026 Y si bien, las circunstancias los llevaron a unirse, si no cay\u00f3 en gracia su uni\u00f3n entre la militancia, mucho menos entre el votante.<\/p>\n<p dir=\"ltr\">Entre la gente, el elector, el pueblo, quiz\u00e1s ya separado el aceite del agua, se pueda ver a uno u otro como opci\u00f3n\u2026 aunque ah\u00ed igual va a depender del candidato o candidata que designen\u2026<\/p>\n<p dir=\"ltr\">El primer beneficiado con la autoexclusi\u00f3n del PT, es el Verde, quien si bien acumular\u00e1 m\u00e1s candidaturas, las probabilidades de incrementar sus n\u00fameros se duplican\u2026<\/p>\n<p dir=\"ltr\">Cosa contraria ocurrir\u00e1 con el PT, quien al quedar fuera de la sombra del partidazo, sus militantes le pensar\u00e1n para ir en pos de una candidatura o simplemente emigrar a Morena\u2026<\/p>\n<p dir=\"ltr\">Movimiento Ciudadano se seguir\u00e1 vendiendo como la Opci\u00f3n Ciudadana, jalando figuras relevantes en distintos \u00e1mbitos, que van desde el periodismo, espect\u00e1culo, empresarios y pol\u00edtica\u2026 un ramillete de opciones atractivas y depender\u00e1 mucho de la estrategia que implementen una vez en las campa\u00f1as\u2026 previo a \u00e9stas, se podr\u00eda decir que ah\u00ed la llevan\u2026<\/p>\n<p dir=\"ltr\">Entonces, con cuatro partidos en solitario (PAN, PRI, MC y PT) y una alianza (Morena y PVEM), si bien las condiciones inmediatas favorecen a los segundos, valdr\u00eda la pena preguntarse si no estaremos en la antesala de ver menguada la convocatoria electoral de los que van solos a las elecciones y en una de \u00e9sas, con un partido m\u00e1s que acompa\u00f1e en el recuerdo al PRD\u2026<\/p>\n","protected":false},"excerpt":{"rendered":"<p>Los Pol\u00edticos Salvador Mu\u00f1oz La primera respuesta luego de que por parte de la Oposici\u00f3n (PAN y PRI), cada quien va por su lado as\u00ed como por el partido oficial que s\u00f3lo jala con el Verde, es que los beneficiados con esto, ser\u00e1n Morena, el PVEM y MC\u2026 Es la primera respuesta pero no definitiva. [&hellip;]<\/p>\n","protected":false},"author":2476,"featured_media":387,"comment_status":"open","ping_status":"open","sticky":false,"template":"","format":"standard","meta":{"_jetpack_memberships_contains_paid_content":false,"footnotes":""},"categories":[11],"tags":[],"class_list":["post-63388","post","type-post","status-publish","format-standard","has-post-thumbnail","hentry","category-opinion"],"jetpack_featured_media_url":"https:\/\/encuentroinformativo.com.mx\/wp-content\/uploads\/2020\/03\/7CF8A22B-2764-47BE-8F7F-38FE9E5D6A2F.jpeg","jetpack_sharing_enabled":true,"jetpack_likes_enabled":true,"amp_enabled":true,"_links":{"self":[{"href":"https:\/\/encuentroinformativo.com.mx\/index.php?rest_route=\/wp\/v2\/posts\/63388","targetHints":{"allow":["GET"]}}],"collection":[{"href":"https:\/\/encuentroinformativo.com.mx\/index.php?rest_route=\/wp\/v2\/posts"}],"about":[{"href":"https:\/\/encuentroinformativo.com.mx\/index.php?rest_route=\/wp\/v2\/types\/post"}],"author":[{"embeddable":true,"href":"https:\/\/encuentroinformativo.com.mx\/index.php?rest_route=\/wp\/v2\/users\/2476"}],"replies":[{"embeddable":true,"href":"https:\/\/encuentroinformativo.com.mx\/index.php?rest_route=%2Fwp%2Fv2%2Fcomments&post=63388"}],"version-history":[{"count":1,"href":"https:\/\/encuentroinformativo.com.mx\/index.php?rest_route=\/wp\/v2\/posts\/63388\/revisions"}],"predecessor-version":[{"id":63389,"href":"https:\/\/encuentroinformativo.com.mx\/index.php?rest_route=\/wp\/v2\/posts\/63388\/revisions\/63389"}],"wp:featuredmedia":[{"embeddable":true,"href":"https:\/\/encuentroinformativo.com.mx\/index.php?rest_route=\/wp\/v2\/media\/387"}],"wp:attachment":[{"href":"https:\/\/encuentroinformativo.com.mx\/index.php?rest_route=%2Fwp%2Fv2%2Fmedia&parent=63388"}],"wp:term":[{"taxonomy":"category","embeddable":true,"href":"https:\/\/encuentroinformativo.com.mx\/index.php?rest_route=%2Fwp%2Fv2%2Fcategories&post=63388"},{"taxonomy":"post_tag","embeddable":true,"href":"https:\/\/encuentroinformativo.com.mx\/index.php?rest_route=%2Fwp%2Fv2%2Ftags&post=63388"}],"curies":[{"name":"wp","href":"https:\/\/api.w.org\/{rel}","templated":true}]}}