{"id":6339,"date":"2020-09-30T07:38:50","date_gmt":"2020-09-30T12:38:50","guid":{"rendered":"https:\/\/encuentroinformativo.com.mx\/?p=6339"},"modified":"2020-09-30T07:38:53","modified_gmt":"2020-09-30T12:38:53","slug":"que-tienen-que-ver-sor-juana-una-epidemia-y-san-jeronimo-el-patrono-de-coatepec","status":"publish","type":"post","link":"https:\/\/encuentroinformativo.com.mx\/?p=6339","title":{"rendered":"\u00bfQU\u00c9 TIENEN QUE VER SOR JUANA, UNA EPIDEMIA Y SAN JER\u00d3NIMO, EL PATRONO DE COATEPEC?"},"content":{"rendered":"\n<p><strong>+ Cambios en la Sedarpa; se salv\u00f3 el secretario.<br>+ Llega Yeidckol a Boca del R\u00edo.<br>+ Falleci\u00f3 Domingo Sim\u00f3n Ortega.<br>+ Que a ver si no sueltan a &#8220;La China&#8221;.<br><br><em>Trump llam\u00f3 &#8220;socialista&#8221; a Biden y \u00e9ste le revir\u00f3 dici\u00e9ndole que era un &#8220;payaso&#8221;\u2026 Hasta parecen mexicanos, me cae\u2026<br>&#8211;Chopenjawer<\/em><\/strong><\/p>\n\n\n\n<p>Ayer por la tarde se escucharon los cohetes, la m\u00fasica, y las peregrinaciones en algunos barrios que ya celebran al santo patrono de Coatepec, San Jer\u00f3nimo.<\/p>\n\n\n\n<p>Aunque la &#8220;festejaci\u00f3n&#8221; no se hizo como en tiempos anteriores, por la mentada pandemia, el escenario estuvo puesto: cay\u00f3 la lluvia (como todos los a\u00f1os) y se vino el fr\u00edo, lo que ya marca la entrada del oto\u00f1o con pinta de invierno por las bajas temperaturas que se alcanzan en las partes altas de Veracruz.<\/p>\n\n\n\n<p>Tampoco hubo la tradicional &#8220;bajada de arcos&#8221;, por lo que los &#8220;arqueros&#8221; se quedaron con las ganas de armar estas estructuras que adornan las entradas de la parroquia y cuyos tradicionales festejos se convierten en toda una fiesta multicolor. No hubo &#8220;ca\u00f1ita&#8221; y no hubo cubetazos de agua para quienes cargan los arcos desde el barrio de Los Carriles.<\/p>\n\n\n\n<p>Al santo lo sacaron de diversos templos locales, pero con poca gente, lo que nos hace entender que afortunadamente en Coatepec se est\u00e1 respetando la sana distancia y se est\u00e1n tomando las precauciones en esta contingencia sanitaria. Esta vez, prefirieron hacer caravanas desde sus veh\u00edculos para pasear a San Jer\u00f3nimo por las calles.<\/p>\n\n\n\n<p>Debo decir que desde hace 17 a\u00f1os que llegu\u00e9 a este lugar, es la primera vez que veo melancol\u00eda por el hecho de que los coatepecanos no vayan a celebrar a su santo: &#8220;Luce todo muy triste&#8221;, me dice un vecino muy devoto.<\/p>\n\n\n\n<p>Este 30 de septiembre es su d\u00eda, al igual que en su honor se celebra el D\u00eda Internacional de la Traducci\u00f3n o del Traductor porque precisamente se dedicaba a eso: a traducir la Biblia.<\/p>\n\n\n\n<p>Lo dice San Wikipedia: &#8220;San Jer\u00f3nimo, tambi\u00e9n como Jer\u00f3nimo de Estrid\u00f3n tradujo la Biblia del griego y del hebreo al lat\u00edn, por encargo del papa D\u00e1maso I. La traducci\u00f3n al lat\u00edn de la Biblia hecha por San Jer\u00f3nimo, llamada la Vulgata (de vulgata editio, &#8216;edici\u00f3n para el pueblo&#8217;) y publicada en el siglo IV de la era cristiana, fue declarada en 1546, durante el Concilio de Trento, la versi\u00f3n aut\u00e9ntica y oficial de la Biblia para la iglesia cat\u00f3lica latina, hasta la promulgaci\u00f3n de la Nova Vulgata, en 1979, el que ahora es el texto b\u00edblico oficial de la iglesia cat\u00f3lica&#8221;.<\/p>\n\n\n\n<p>Es considerado uno de los Padres de la Iglesia, doctor, junto a Agust\u00edn de Hipona, Gregorio Magno, y Ambrosio de Mil\u00e1n. Se trata de &#8220;un grupo de escritores cuyas ense\u00f1anzas tuvieron gran peso en el desarrollo del pensamiento y la teolog\u00eda cristiana seg\u00fan su interpretaci\u00f3n de la Biblia, la incorporaci\u00f3n de la Tradici\u00f3n y la consolidaci\u00f3n de la Liturgia, por lo que fueron dejando una doctrina en conjunto&#8221;.<\/p>\n\n\n\n<p>Y no s\u00f3lo tienen influencia en la iglesia cristiana, sino tambi\u00e9n en la protestante.<\/p>\n\n\n\n<p>De hecho existe la Orden de San Jer\u00f3nimo: una orden religiosa cat\u00f3lica exclusivamente hisp\u00e1nica que surgi\u00f3 en el siglo XIV, aprobada en el a\u00f1o 1373 por el papa Gregorio XI que resid\u00eda en ese entonces en Avi\u00f1\u00f3n, Francia.<\/p>\n\n\n\n<p>&#8220;La Orden de San Jer\u00f3nimo prescribe una vida religiosa de soledad y de silencio, en asidua oraci\u00f3n y fortaleza en la penitencia, y trata de llevar a sus monjes y monjas a la uni\u00f3n m\u00edstica con Dios, consideran que cuanto m\u00e1s intensa sea esta uni\u00f3n, por su propia donaci\u00f3n en la vida mon\u00e1stica, mucho m\u00e1s espl\u00e9ndida se convierte la vida de la Iglesia y con m\u00e1s fuerza su fecundo apostolado. La vida del religioso jer\u00f3nimo se rige por el equilibrio entre oraci\u00f3n y trabajo&#8221;, dice la Wikipedia.<\/p>\n\n\n\n<p>\u00bfY sabe qui\u00e9n pertenec\u00eda a esta orden? Ni m\u00e1s ni menos que La D\u00e9cima Musa, La Doncella de Am\u00e9rica, la del billete de 200: Sor Juana In\u00e9s de la Cruz, una de las mujeres m\u00e1s chipocludas en la historia de M\u00e9xico y el mundo: religiosa, humanista, cient\u00edfica, te\u00f3loga, fil\u00f3sofa, poetisa y dramaturga novohispana, precursora del movimiento de la Ilustraci\u00f3n y el Siglo de las Luces.<\/p>\n\n\n\n<p><a href=\"outlook-data-detector:\/\/3\">El 17 de abril<\/a>&nbsp;de 1695, a los 46 a\u00f1os de edad, Juana In\u00e9s de Asbaje Ram\u00edrez de Santillana falleci\u00f3 en el Convento de San Jer\u00f3nimo, v\u00edctima de una epidemia que caus\u00f3 estragos en toda la capital (la hoy CMDX), pero especialmente en dicho convento, pues de cada diez religiosas enfermas, nueve mor\u00edan.<\/p>\n\n\n\n<p>No est\u00e1 exactamente precisado qu\u00e9 tipo de epidemia mat\u00f3 a Sor Juana, se especula que pudo haber sido por la peste o tifo exantem\u00e1tico, una enfermedad que es transmitida por el piojo del cuerpo humano.<\/p>\n\n\n\n<p>Lo que s\u00ed se sabe, es que tanto Jer\u00f3nimo de Estrid\u00f3n, como Juana de Asbaje, son parte importante del pensamiento humano, y que a ella seguramente la mat\u00f3 un bicho por no guardar la sana distancia.<\/p>\n\n\n\n<p><strong>NOTA PARA PEGAR EN EL REFRI:&nbsp;<\/strong>Que ya removieron toda la unidad administrativa de la Secretar\u00eda de Desarrollo Agropecuario, Rural y Pesca (Sedarpa) por haber detectado pr\u00e1cticas irregulares. Comentan en la dependencia que se salv\u00f3 por poquito el secre Cadena Cer\u00f3n.<\/p>\n\n\n\n<p><strong>OTRA NOTA:<\/strong>&nbsp;Que&nbsp;<a href=\"outlook-data-detector:\/\/5\">este mi\u00e9rcoles<\/a>&nbsp;llega en gira por la entidad la aspirante a la dirigencia nacional de Morena, Yeidckol Polevnsky. Estar\u00e1 en Boca del R\u00edo, territorio de los Yunes, desde temprano en rueda de prensa y seguir\u00e1 todo el d\u00eda atendiendo a representantes de distritos de todo el estado.<\/p>\n\n\n\n<p><strong>OTRA NOTA EXTRA:&nbsp;<\/strong>Otro periodista ca\u00eddo en tiempos de Coronavirus. Se trata del conocido periodista Domingo Sim\u00f3n Ortega, originario de Coatzacoalcos, pero avecindado desde hace d\u00e9cadas en la ciudad de Orizaba. Seg\u00fan sus compa\u00f1eros, aunque al parecer ten\u00eda s\u00edntomas de Covid, no se confirm\u00f3 su muerte por este padecimiento y s\u00f3lo se sabe que falleci\u00f3 de un infarto en la cl\u00ednica 6 del IMSS de Cerritos, alrededor&nbsp;<a href=\"outlook-data-detector:\/\/7\">de las 03:30 de la ma\u00f1ana<\/a>&nbsp;de&nbsp;<a href=\"outlook-data-detector:\/\/8\">este martes<\/a>. Descanse en paz.<\/p>\n\n\n\n<p><strong>LA \u00daLTIMA PORQUE LOVECRAFT COUNTRY:\u00a0<\/strong>Que ya van tres veces que capturan a la presunta jefa del CJNG en Xalapa, apodada &#8220;La China&#8221;, y que esperan que esta \u00faltima vez por fin ya sea encarcelada, porque siempre la liberaban los jueces. Lo anterior lo revel\u00f3 el gobernador Cuitl\u00e1huac Garc\u00eda Jim\u00e9nez, que destac\u00f3 como hecho relevante, la vinculaci\u00f3n a proceso de dicha malandra: &#8220;Entendemos que esta vez el juez ya no pudo liberarla&#8221;, subray\u00f3 en una publicaci\u00f3n en redes sociales.<\/p>\n\n\n\n<p><strong>@pablojair<\/strong><\/p>\n","protected":false},"excerpt":{"rendered":"<p>+ Cambios en la Sedarpa; se salv\u00f3 el secretario.+ Llega Yeidckol a Boca del R\u00edo.+ Falleci\u00f3 Domingo Sim\u00f3n Ortega.+ Que a ver si no sueltan a &#8220;La China&#8221;. Trump llam\u00f3 &#8220;socialista&#8221; a Biden y \u00e9ste le revir\u00f3 dici\u00e9ndole que era un &#8220;payaso&#8221;\u2026 Hasta parecen mexicanos, me cae\u2026&#8211;Chopenjawer Ayer por la tarde se escucharon los cohetes, [&hellip;]<\/p>\n","protected":false},"author":1,"featured_media":488,"comment_status":"open","ping_status":"open","sticky":false,"template":"","format":"standard","meta":{"_jetpack_memberships_contains_paid_content":false,"footnotes":""},"categories":[11],"tags":[],"class_list":["post-6339","post","type-post","status-publish","format-standard","has-post-thumbnail","hentry","category-opinion"],"jetpack_featured_media_url":"https:\/\/encuentroinformativo.com.mx\/wp-content\/uploads\/2020\/03\/F471F608-BA1A-416B-BA7B-BCFB24F4E6D0.jpeg","jetpack_sharing_enabled":true,"jetpack_likes_enabled":true,"amp_enabled":true,"_links":{"self":[{"href":"https:\/\/encuentroinformativo.com.mx\/index.php?rest_route=\/wp\/v2\/posts\/6339","targetHints":{"allow":["GET"]}}],"collection":[{"href":"https:\/\/encuentroinformativo.com.mx\/index.php?rest_route=\/wp\/v2\/posts"}],"about":[{"href":"https:\/\/encuentroinformativo.com.mx\/index.php?rest_route=\/wp\/v2\/types\/post"}],"author":[{"embeddable":true,"href":"https:\/\/encuentroinformativo.com.mx\/index.php?rest_route=\/wp\/v2\/users\/1"}],"replies":[{"embeddable":true,"href":"https:\/\/encuentroinformativo.com.mx\/index.php?rest_route=%2Fwp%2Fv2%2Fcomments&post=6339"}],"version-history":[{"count":1,"href":"https:\/\/encuentroinformativo.com.mx\/index.php?rest_route=\/wp\/v2\/posts\/6339\/revisions"}],"predecessor-version":[{"id":6340,"href":"https:\/\/encuentroinformativo.com.mx\/index.php?rest_route=\/wp\/v2\/posts\/6339\/revisions\/6340"}],"wp:featuredmedia":[{"embeddable":true,"href":"https:\/\/encuentroinformativo.com.mx\/index.php?rest_route=\/wp\/v2\/media\/488"}],"wp:attachment":[{"href":"https:\/\/encuentroinformativo.com.mx\/index.php?rest_route=%2Fwp%2Fv2%2Fmedia&parent=6339"}],"wp:term":[{"taxonomy":"category","embeddable":true,"href":"https:\/\/encuentroinformativo.com.mx\/index.php?rest_route=%2Fwp%2Fv2%2Fcategories&post=6339"},{"taxonomy":"post_tag","embeddable":true,"href":"https:\/\/encuentroinformativo.com.mx\/index.php?rest_route=%2Fwp%2Fv2%2Ftags&post=6339"}],"curies":[{"name":"wp","href":"https:\/\/api.w.org\/{rel}","templated":true}]}}