{"id":63394,"date":"2025-02-05T10:07:15","date_gmt":"2025-02-05T16:07:15","guid":{"rendered":"https:\/\/encuentroinformativo.com.mx\/?p=63394"},"modified":"2025-02-05T10:07:15","modified_gmt":"2025-02-05T16:07:15","slug":"denuncian-falta-de-maestros-en-secundaria-de-veracruz-puerto","status":"publish","type":"post","link":"https:\/\/encuentroinformativo.com.mx\/?p=63394","title":{"rendered":"Denuncian falta de maestros en secundaria de Veracruz puerto"},"content":{"rendered":"<p><strong><span style=\"font-size: 1rem;\">Alejandro \u00c1vila<\/span><\/strong><\/p>\n<p>Veracruz, Ver.- Padres de familia protestaron a las afueras de la Escuela Secundaria General n\u00famero 6 &#8220;Heroica Veracruz&#8221;, ubicada en la calle Guacamaya de la colonia Reserva Tarimoya, debido a la falta de docentes.<\/p>\n<p>El se\u00f1or Jos\u00e9 Manuel Lastra M\u00e1rquez, mencion\u00f3 que, desde hace varios meses no cuentan con maestro de Qu\u00edmica, Matem\u00e1ticas y Educaci\u00f3n F\u00edsica; dos de estos docentes se jubilaron en el ciclo escolar en curso y no les han enviado a sus sustitutos.<\/p>\n<p>&#8220;Un maestro que es el de matem\u00e1ticas pidi\u00f3 licencia sin goce de sueldo y tampoco han contratado al interino que lo venga a sustituir, recursos tiene la Secretar\u00eda de Educaci\u00f3n P\u00fablica, porque ellos deciden jubilarse despu\u00e9s de haber sido aprobado el presupuesto del 2025, el presupuesto normalmente se aprueba en el mes de septiembre para ejercerse en el pr\u00f3ximo a\u00f1o, entonces presupuesto hay, todo es nada m\u00e1s que el Gobierno del Estado junto con la Secretar\u00eda de Educaci\u00f3n agilicen ese tr\u00e1mite burocr\u00e1tico y nos manden a los maestros que hacen falta para impartir esas materias&#8221;, reclam\u00f3.<\/p>\n<p>En total, son cerca de 300 alumnos los afectados, pues tanto el profesor de matem\u00e1ticas como la de qu\u00edmica impart\u00edan su curso en los tres grados de secundaria.<\/p>\n<p>De la misma manera, se dio a conocer que los talleres de Electricidad, Corte y Confecci\u00f3n y Soldadura, no se est\u00e1n impartiendo desde el ciclo escolar anterior, el 2023 &#8211; 2024.<\/p>\n<p>&#8220;Esos talleres para nuestros j\u00f3venes son de mucha utilidad, hay j\u00f3venes que por alguna raz\u00f3n no van a continuar en el bachillerato pero ya llevan un oficio reconocido por la autoridad educativa para poder desempe\u00f1arse por fuera, consideramos que un alumno sin maestro es un hombre sin futuro&#8221;, remat\u00f3.<\/p>\n","protected":false},"excerpt":{"rendered":"<p>Alejandro \u00c1vila Veracruz, Ver.- Padres de familia protestaron a las afueras de la Escuela Secundaria General n\u00famero 6 &#8220;Heroica Veracruz&#8221;, ubicada en la calle Guacamaya de la colonia Reserva Tarimoya, debido a la falta de docentes. El se\u00f1or Jos\u00e9 Manuel Lastra M\u00e1rquez, mencion\u00f3 que, desde hace varios meses no cuentan con maestro de Qu\u00edmica, Matem\u00e1ticas [&hellip;]<\/p>\n","protected":false},"author":2476,"featured_media":63391,"comment_status":"open","ping_status":"open","sticky":false,"template":"","format":"standard","meta":{"_jetpack_memberships_contains_paid_content":false,"footnotes":""},"categories":[2],"tags":[],"class_list":["post-63394","post","type-post","status-publish","format-standard","has-post-thumbnail","hentry","category-estado"],"jetpack_featured_media_url":"https:\/\/encuentroinformativo.com.mx\/wp-content\/uploads\/2025\/02\/IMG-20250205-WA0068.jpg","jetpack_sharing_enabled":true,"jetpack_likes_enabled":true,"amp_enabled":true,"_links":{"self":[{"href":"https:\/\/encuentroinformativo.com.mx\/index.php?rest_route=\/wp\/v2\/posts\/63394","targetHints":{"allow":["GET"]}}],"collection":[{"href":"https:\/\/encuentroinformativo.com.mx\/index.php?rest_route=\/wp\/v2\/posts"}],"about":[{"href":"https:\/\/encuentroinformativo.com.mx\/index.php?rest_route=\/wp\/v2\/types\/post"}],"author":[{"embeddable":true,"href":"https:\/\/encuentroinformativo.com.mx\/index.php?rest_route=\/wp\/v2\/users\/2476"}],"replies":[{"embeddable":true,"href":"https:\/\/encuentroinformativo.com.mx\/index.php?rest_route=%2Fwp%2Fv2%2Fcomments&post=63394"}],"version-history":[{"count":1,"href":"https:\/\/encuentroinformativo.com.mx\/index.php?rest_route=\/wp\/v2\/posts\/63394\/revisions"}],"predecessor-version":[{"id":63395,"href":"https:\/\/encuentroinformativo.com.mx\/index.php?rest_route=\/wp\/v2\/posts\/63394\/revisions\/63395"}],"wp:featuredmedia":[{"embeddable":true,"href":"https:\/\/encuentroinformativo.com.mx\/index.php?rest_route=\/wp\/v2\/media\/63391"}],"wp:attachment":[{"href":"https:\/\/encuentroinformativo.com.mx\/index.php?rest_route=%2Fwp%2Fv2%2Fmedia&parent=63394"}],"wp:term":[{"taxonomy":"category","embeddable":true,"href":"https:\/\/encuentroinformativo.com.mx\/index.php?rest_route=%2Fwp%2Fv2%2Fcategories&post=63394"},{"taxonomy":"post_tag","embeddable":true,"href":"https:\/\/encuentroinformativo.com.mx\/index.php?rest_route=%2Fwp%2Fv2%2Ftags&post=63394"}],"curies":[{"name":"wp","href":"https:\/\/api.w.org\/{rel}","templated":true}]}}