{"id":63401,"date":"2025-02-05T13:04:47","date_gmt":"2025-02-05T19:04:47","guid":{"rendered":"https:\/\/encuentroinformativo.com.mx\/?p=63401"},"modified":"2025-02-05T13:04:47","modified_gmt":"2025-02-05T19:04:47","slug":"van-mas-de-30-veracruzanos-deportados","status":"publish","type":"post","link":"https:\/\/encuentroinformativo.com.mx\/?p=63401","title":{"rendered":"Van m\u00e1s de 30 veracruzanos deportados"},"content":{"rendered":"<p><strong><span style=\"font-size: 1rem;\">Dar\u00edo Pale<\/span><\/strong><\/p>\n<p>Xalapa, Ver.- El director general de Atenci\u00f3n a Migrantes, Bertoldo Reyes Campuzano, dio a conocer que m\u00e1s de 30 migrantes veracruzanos han sido deportados de Estados Unidos en las \u00faltimas semanas.<\/p>\n<p>En entrevista se\u00f1al\u00f3 que hasta ahora ninguno ha solicitado apoyo ni acompa\u00f1amiento para trasladarse a sus lugares de origen.<\/p>\n<p>&#8220;Ning\u00fan migrante veracruzano ha solicitado apoyo a la Direcci\u00f3n hasta este momento. Seguimos haciendo el trabajo normal que estamos haciendo&#8221;.<\/p>\n<p>&#8220;No han solicitado el auxilio de la Direcci\u00f3n a mi cargo&#8221;.<\/p>\n<p>La Direcci\u00f3n General de Atenci\u00f3n a Migrantes mantiene la coordinaci\u00f3n con el Instituto Nacional de Migraci\u00f3n y con las dependencias estatales para acompa\u00f1ar a los migrantes que soliciten apoyo al estado.<\/p>\n","protected":false},"excerpt":{"rendered":"<p>Dar\u00edo Pale Xalapa, Ver.- El director general de Atenci\u00f3n a Migrantes, Bertoldo Reyes Campuzano, dio a conocer que m\u00e1s de 30 migrantes veracruzanos han sido deportados de Estados Unidos en las \u00faltimas semanas. En entrevista se\u00f1al\u00f3 que hasta ahora ninguno ha solicitado apoyo ni acompa\u00f1amiento para trasladarse a sus lugares de origen. &#8220;Ning\u00fan migrante veracruzano [&hellip;]<\/p>\n","protected":false},"author":2476,"featured_media":63402,"comment_status":"open","ping_status":"open","sticky":false,"template":"","format":"standard","meta":{"_jetpack_memberships_contains_paid_content":false,"footnotes":""},"categories":[2],"tags":[],"class_list":["post-63401","post","type-post","status-publish","format-standard","has-post-thumbnail","hentry","category-estado"],"jetpack_featured_media_url":"https:\/\/encuentroinformativo.com.mx\/wp-content\/uploads\/2025\/02\/IMG-20250205-WA0107.jpg","jetpack_sharing_enabled":true,"jetpack_likes_enabled":true,"amp_enabled":true,"_links":{"self":[{"href":"https:\/\/encuentroinformativo.com.mx\/index.php?rest_route=\/wp\/v2\/posts\/63401","targetHints":{"allow":["GET"]}}],"collection":[{"href":"https:\/\/encuentroinformativo.com.mx\/index.php?rest_route=\/wp\/v2\/posts"}],"about":[{"href":"https:\/\/encuentroinformativo.com.mx\/index.php?rest_route=\/wp\/v2\/types\/post"}],"author":[{"embeddable":true,"href":"https:\/\/encuentroinformativo.com.mx\/index.php?rest_route=\/wp\/v2\/users\/2476"}],"replies":[{"embeddable":true,"href":"https:\/\/encuentroinformativo.com.mx\/index.php?rest_route=%2Fwp%2Fv2%2Fcomments&post=63401"}],"version-history":[{"count":1,"href":"https:\/\/encuentroinformativo.com.mx\/index.php?rest_route=\/wp\/v2\/posts\/63401\/revisions"}],"predecessor-version":[{"id":63403,"href":"https:\/\/encuentroinformativo.com.mx\/index.php?rest_route=\/wp\/v2\/posts\/63401\/revisions\/63403"}],"wp:featuredmedia":[{"embeddable":true,"href":"https:\/\/encuentroinformativo.com.mx\/index.php?rest_route=\/wp\/v2\/media\/63402"}],"wp:attachment":[{"href":"https:\/\/encuentroinformativo.com.mx\/index.php?rest_route=%2Fwp%2Fv2%2Fmedia&parent=63401"}],"wp:term":[{"taxonomy":"category","embeddable":true,"href":"https:\/\/encuentroinformativo.com.mx\/index.php?rest_route=%2Fwp%2Fv2%2Fcategories&post=63401"},{"taxonomy":"post_tag","embeddable":true,"href":"https:\/\/encuentroinformativo.com.mx\/index.php?rest_route=%2Fwp%2Fv2%2Ftags&post=63401"}],"curies":[{"name":"wp","href":"https:\/\/api.w.org\/{rel}","templated":true}]}}