{"id":63410,"date":"2025-02-05T15:14:34","date_gmt":"2025-02-05T21:14:34","guid":{"rendered":"https:\/\/encuentroinformativo.com.mx\/?p=63410"},"modified":"2025-02-05T15:14:34","modified_gmt":"2025-02-05T21:14:34","slug":"vecinos-reclaman-abasto-de-agua-en-la-obrero-campesina","status":"publish","type":"post","link":"https:\/\/encuentroinformativo.com.mx\/?p=63410","title":{"rendered":"Vecinos reclaman abasto de agua en la Obrero Campesina"},"content":{"rendered":"<p><strong><span style=\"font-size: 1rem;\">Dar\u00edo Pale<\/span><\/strong><\/p>\n<p>Xalapa, Ver.- Se manifestaron vecinos de la Colonia Obrero Campesina debido a que tiene un desabasto de agua desde hace una semana y en algunas calles ya tienen dos sin el vital l\u00edquido por lo cual iban a protestar, pero CMAS prometi\u00f3 que a las 19:00 horas ya habr\u00eda servicio.<\/p>\n<p>En entrevista la se\u00f1ora Ofelia Sosa expuso que el tandeo en teor\u00eda deber\u00eda ser dos d\u00edas sin agua, por uno con agua, pero no se est\u00e1 cumpliendo.<\/p>\n<p>Por lo que debido a que en algunas calles de la colonia Obrero Campesina hay desabasto de agua desde hace una semana, en otras desde hace dos, vecinos se organizaron para llevar a cabo una manifestaci\u00f3n.<\/p>\n<p>Sin embargo, personal de la Comisi\u00f3n Municipal de Agua y Saneamiento (CMAS), lleg\u00f3 y les prometi\u00f3 que a las 19:00 horas habr\u00eda servicio.<\/p>\n<p>Adem\u00e1s, el problema es que cuando llega, lo hace sin presi\u00f3n, por lo que no puede subir a los tinacos.<\/p>\n<p>&#8220;Yo llevo como una semana, pero hay vecinos que dicen que tienen como dos semanas. Nosotros estamos de acuerdo que haya tandeo, pero no que nos dejen tanto tiempo sin agua\u201d, se\u00f1al\u00f3.<\/p>\n<p>\u201cAlmacenamos agua de la lluvia y tenemos tinacos, pero si no hay agua en la toma, \u00bfc\u00f3mo los llenamos?&#8221;, pregunt\u00f3.<\/p>\n<p>Puntualiz\u00f3 que el desabasto se presenta en las calles de Francisco V\u00e1squez, Onorato Jim\u00e9nez, Francisco Rivera, incluso hasta la avenida Orizaba.<\/p>\n<p>La afectada coment\u00f3 que personal de la CMAS prometi\u00f3 que llegar\u00eda el l\u00edquido a las 19:00 horas, de no ser as\u00ed, entonces s\u00ed bloquear\u00e1n la avenida Ruiz Cortines.<\/p>\n<p>&#8220;Ya nos estamos organizando entre varios vecinos. El problema es que no nos llega y cuando llega, nos llega con muy poca presi\u00f3n. Muchos vecinos no tienen sistema de bombeo para que suba a los tinacos&#8221;, coment\u00f3.<\/p>\n<p>Ofelia Sosa asever\u00f3 que lamentablemente el tandeo viene ocurriendo desde hace varios a\u00f1os desde principios del a\u00f1o.<\/p>\n<p>Finalmente se\u00f1alaron que, &#8220;nos dicen que es un d\u00eda de agua por dos de no, pero no s\u00e9 est\u00e1 cumpliendo, si fuera as\u00ed no tendr\u00edamos problemas&#8221;.<\/p>\n","protected":false},"excerpt":{"rendered":"<p>Dar\u00edo Pale Xalapa, Ver.- Se manifestaron vecinos de la Colonia Obrero Campesina debido a que tiene un desabasto de agua desde hace una semana y en algunas calles ya tienen dos sin el vital l\u00edquido por lo cual iban a protestar, pero CMAS prometi\u00f3 que a las 19:00 horas ya habr\u00eda servicio. En entrevista la [&hellip;]<\/p>\n","protected":false},"author":2476,"featured_media":63411,"comment_status":"open","ping_status":"open","sticky":false,"template":"","format":"standard","meta":{"_jetpack_memberships_contains_paid_content":false,"footnotes":""},"categories":[3],"tags":[],"class_list":["post-63410","post","type-post","status-publish","format-standard","has-post-thumbnail","hentry","category-xalapa"],"jetpack_featured_media_url":"https:\/\/encuentroinformativo.com.mx\/wp-content\/uploads\/2025\/02\/IMG-20250205-WA0207.jpg","jetpack_sharing_enabled":true,"jetpack_likes_enabled":true,"amp_enabled":true,"_links":{"self":[{"href":"https:\/\/encuentroinformativo.com.mx\/index.php?rest_route=\/wp\/v2\/posts\/63410","targetHints":{"allow":["GET"]}}],"collection":[{"href":"https:\/\/encuentroinformativo.com.mx\/index.php?rest_route=\/wp\/v2\/posts"}],"about":[{"href":"https:\/\/encuentroinformativo.com.mx\/index.php?rest_route=\/wp\/v2\/types\/post"}],"author":[{"embeddable":true,"href":"https:\/\/encuentroinformativo.com.mx\/index.php?rest_route=\/wp\/v2\/users\/2476"}],"replies":[{"embeddable":true,"href":"https:\/\/encuentroinformativo.com.mx\/index.php?rest_route=%2Fwp%2Fv2%2Fcomments&post=63410"}],"version-history":[{"count":1,"href":"https:\/\/encuentroinformativo.com.mx\/index.php?rest_route=\/wp\/v2\/posts\/63410\/revisions"}],"predecessor-version":[{"id":63412,"href":"https:\/\/encuentroinformativo.com.mx\/index.php?rest_route=\/wp\/v2\/posts\/63410\/revisions\/63412"}],"wp:featuredmedia":[{"embeddable":true,"href":"https:\/\/encuentroinformativo.com.mx\/index.php?rest_route=\/wp\/v2\/media\/63411"}],"wp:attachment":[{"href":"https:\/\/encuentroinformativo.com.mx\/index.php?rest_route=%2Fwp%2Fv2%2Fmedia&parent=63410"}],"wp:term":[{"taxonomy":"category","embeddable":true,"href":"https:\/\/encuentroinformativo.com.mx\/index.php?rest_route=%2Fwp%2Fv2%2Fcategories&post=63410"},{"taxonomy":"post_tag","embeddable":true,"href":"https:\/\/encuentroinformativo.com.mx\/index.php?rest_route=%2Fwp%2Fv2%2Ftags&post=63410"}],"curies":[{"name":"wp","href":"https:\/\/api.w.org\/{rel}","templated":true}]}}