{"id":63413,"date":"2025-02-05T15:22:05","date_gmt":"2025-02-05T21:22:05","guid":{"rendered":"https:\/\/encuentroinformativo.com.mx\/?p=63413"},"modified":"2025-02-05T15:22:05","modified_gmt":"2025-02-05T21:22:05","slug":"senalan-acoso-sexual-en-colegio-de-coatepec","status":"publish","type":"post","link":"https:\/\/encuentroinformativo.com.mx\/?p=63413","title":{"rendered":"Se\u00f1alan acoso sexual en Colegio de Coatepec"},"content":{"rendered":"<p><strong style=\"font-size: 1rem;\">Dar\u00edo Pale<\/strong><\/p>\n<p>Xalapa, Ver.- La se\u00f1ora Luz Aceves, denunci\u00f3 acoso sexual en contra de su hijo por parte de un compa\u00f1ero en el Colegio Santo Domingo en el municipio de Coatepec, sin que autoridades del plantel llevaran a cabo alg\u00fan protocolo para evitar tal situaci\u00f3n.<\/p>\n<p>En entrevista indic\u00f3 qu\u00e9 la v\u00edctima de 12 a\u00f1os sufri\u00f3 de acoso sexual por parte de uno de sus compa\u00f1eros de sal\u00f3n en el nivel secundaria en el mes de agosto del a\u00f1o pasado, es decir, al inicio del ciclo escolar.<\/p>\n<p>A\u00f1adi\u00f3 que en el mes de septiembre los directivos mandaron a traer a los tutores del ni\u00f1o agresor y la v\u00edctima, luego de una pelea derivada del acoso.<\/p>\n<p>Asimismo, dijo que su hijo intent\u00f3 alejarse del menor agresor, adem\u00e1s de reportar constantemente los hostigamientos a los docentes de la escuela, sin embargo el acoso no par\u00f3 y la escuela tampoco hizo nada.<\/p>\n<p>&#8220;El acoso sexual fue constante, lo acosaba en el ba\u00f1o y lo tocaba por dentro del pantal\u00f3n, mi hijo corr\u00eda y los maestros dec\u00edan que estaban jugando, culpaban a mi ni\u00f1o y tuvimos que proceder de manera legal&#8221;, se\u00f1al\u00f3.<\/p>\n<p>Agreg\u00f3 que en el mes de diciembre, ante la omisi\u00f3n por parte de los maestros, se habl\u00f3 con los directivos pero tampoco se obtuvo respuesta.<\/p>\n<p>Ante los hechos, se\u00f1al\u00f3 que ya se procedi\u00f3 de manera legal ante la Fiscal\u00eda Coordinadora Especializada en Investigaci\u00f3n de Delitos de Violencia Contra la Familia, Mujeres Ni\u00f1as y Ni\u00f1os y de Trata de Personas.<\/p>\n<p>La madre de familia dijo que ante la situaci\u00f3n, su hijo tuvo que salirse de ese plantel educativo, aunado a que su familia ha recibido intimidaciones por sujetos.<\/p>\n","protected":false},"excerpt":{"rendered":"<p>Dar\u00edo Pale Xalapa, Ver.- La se\u00f1ora Luz Aceves, denunci\u00f3 acoso sexual en contra de su hijo por parte de un compa\u00f1ero en el Colegio Santo Domingo en el municipio de Coatepec, sin que autoridades del plantel llevaran a cabo alg\u00fan protocolo para evitar tal situaci\u00f3n. En entrevista indic\u00f3 qu\u00e9 la v\u00edctima de 12 a\u00f1os sufri\u00f3 [&hellip;]<\/p>\n","protected":false},"author":2476,"featured_media":63414,"comment_status":"open","ping_status":"open","sticky":false,"template":"","format":"standard","meta":{"_jetpack_memberships_contains_paid_content":false,"footnotes":""},"categories":[8],"tags":[],"class_list":["post-63413","post","type-post","status-publish","format-standard","has-post-thumbnail","hentry","category-region"],"jetpack_featured_media_url":"https:\/\/encuentroinformativo.com.mx\/wp-content\/uploads\/2025\/02\/IMG-20250205-WA0201.jpg","jetpack_sharing_enabled":true,"jetpack_likes_enabled":true,"amp_enabled":true,"_links":{"self":[{"href":"https:\/\/encuentroinformativo.com.mx\/index.php?rest_route=\/wp\/v2\/posts\/63413","targetHints":{"allow":["GET"]}}],"collection":[{"href":"https:\/\/encuentroinformativo.com.mx\/index.php?rest_route=\/wp\/v2\/posts"}],"about":[{"href":"https:\/\/encuentroinformativo.com.mx\/index.php?rest_route=\/wp\/v2\/types\/post"}],"author":[{"embeddable":true,"href":"https:\/\/encuentroinformativo.com.mx\/index.php?rest_route=\/wp\/v2\/users\/2476"}],"replies":[{"embeddable":true,"href":"https:\/\/encuentroinformativo.com.mx\/index.php?rest_route=%2Fwp%2Fv2%2Fcomments&post=63413"}],"version-history":[{"count":1,"href":"https:\/\/encuentroinformativo.com.mx\/index.php?rest_route=\/wp\/v2\/posts\/63413\/revisions"}],"predecessor-version":[{"id":63415,"href":"https:\/\/encuentroinformativo.com.mx\/index.php?rest_route=\/wp\/v2\/posts\/63413\/revisions\/63415"}],"wp:featuredmedia":[{"embeddable":true,"href":"https:\/\/encuentroinformativo.com.mx\/index.php?rest_route=\/wp\/v2\/media\/63414"}],"wp:attachment":[{"href":"https:\/\/encuentroinformativo.com.mx\/index.php?rest_route=%2Fwp%2Fv2%2Fmedia&parent=63413"}],"wp:term":[{"taxonomy":"category","embeddable":true,"href":"https:\/\/encuentroinformativo.com.mx\/index.php?rest_route=%2Fwp%2Fv2%2Fcategories&post=63413"},{"taxonomy":"post_tag","embeddable":true,"href":"https:\/\/encuentroinformativo.com.mx\/index.php?rest_route=%2Fwp%2Fv2%2Ftags&post=63413"}],"curies":[{"name":"wp","href":"https:\/\/api.w.org\/{rel}","templated":true}]}}