{"id":63419,"date":"2025-02-05T15:37:54","date_gmt":"2025-02-05T21:37:54","guid":{"rendered":"https:\/\/encuentroinformativo.com.mx\/?p=63419"},"modified":"2025-02-05T15:37:54","modified_gmt":"2025-02-05T21:37:54","slug":"es-minimo-el-ajuste-en-tarifas-de-agua-alcalde","status":"publish","type":"post","link":"https:\/\/encuentroinformativo.com.mx\/?p=63419","title":{"rendered":"Es m\u00ednimo el ajuste en tarifas de agua: Alcalde"},"content":{"rendered":"<p><strong style=\"font-size: 1rem;\">Dar\u00edo Pale<\/strong><\/p>\n<p>Xalapa, Ver.- El presidente municipal de Xalapa, Alberto Islas Reyes dio a conocer que el referente al supuesto aumento de tarifas en la Comisi\u00f3n Municipal de Agua y Saneamiento (CMAS), aclar\u00f3 que este ajuste es m\u00ednimo y corresponde a una indexaci\u00f3n por disposici\u00f3n oficial del Banco Nacional de M\u00e9xico.<\/p>\n<p>En entrevista, confirm\u00f3 que desde este mes se reflejar\u00e1 dicha diferencia, aunque asegur\u00f3 \u201cno ser\u00e1 gravosa, pues solo ser\u00e1n centavos\u201d.<\/p>\n<p>\u201cEs una indexaci\u00f3n, as\u00ed se llama. Lo establece el Banco Nacional de M\u00e9xico y son centavos; no estamos afectando en nada a la poblaci\u00f3n, no tenemos esos incrementos. Es simplemente por disposici\u00f3n de la ley ir incrementando lo que el Banco Nacional de M\u00e9xico establece, sin problema\u201d, se\u00f1al\u00f3.<\/p>\n<p>La indexaci\u00f3n es dise\u00f1ada por el Banco de M\u00e9xico de acuerdo a la pol\u00edtica monetaria con el objetivo de mantener estable el poder adquisitivo de la moneda nacional. Para ello, toma en cuenta el \u00cdndice Nacional de Precios al Consumidor (INPC).<\/p>\n<p>Al respecto, enfatiz\u00f3 que en comparaci\u00f3n a lo oneroso que resulta otorgar el servicio de agua potable, esta variaci\u00f3n al alza \u201ces muy peque\u00f1a\u201d.<\/p>\n<p>\u201cSon ajustes muy peque\u00f1os, en comparaci\u00f3n a todo lo que le cuesta a la ciudad traer el agua de tan lejos y distribuirla, son ajustes muy peque\u00f1os\u201d, coment\u00f3.<\/p>\n<p>Sin embargo, recomend\u00f3 que para evitar que se registre un incremento considerable en los recibos de pago es necesario vigilar que no haya fugas de agua en los hogares.<\/p>\n<p>Paralelamente, dijo, en temporada de lluvias se debe aprovechar el almacenaje y de esta forma contribuir a la disminuci\u00f3n en el consumo.<\/p>\n<p>\u201cSugiero a la poblaci\u00f3n que comience a pensar en tener dep\u00f3sitos de agua para que cuando llegue el agua puedan almacenarla y tambi\u00e9n la posibilidad de almacenar agua de lluvia cuando llueva\u201d, coment\u00f3.<\/p>\n<p>Y es que sostuvo que, aunque los tandeos est\u00e9n programados si la fuente de abastecimiento no la libera, no se podr\u00e1 tandear.<\/p>\n<p>Finalmente dio a conocer que, \u201cy eso hace que se reduzca y a veces que sea una crisis un poquito complicada de la ciudad. Pero yo les pido, almacenen lo m\u00e1s que puedan de agua y nos va a ir bien\u201d.<\/p>\n","protected":false},"excerpt":{"rendered":"<p>Dar\u00edo Pale Xalapa, Ver.- El presidente municipal de Xalapa, Alberto Islas Reyes dio a conocer que el referente al supuesto aumento de tarifas en la Comisi\u00f3n Municipal de Agua y Saneamiento (CMAS), aclar\u00f3 que este ajuste es m\u00ednimo y corresponde a una indexaci\u00f3n por disposici\u00f3n oficial del Banco Nacional de M\u00e9xico. En entrevista, confirm\u00f3 que [&hellip;]<\/p>\n","protected":false},"author":2476,"featured_media":63420,"comment_status":"open","ping_status":"open","sticky":false,"template":"","format":"standard","meta":{"_jetpack_memberships_contains_paid_content":false,"footnotes":""},"categories":[3],"tags":[],"class_list":["post-63419","post","type-post","status-publish","format-standard","has-post-thumbnail","hentry","category-xalapa"],"jetpack_featured_media_url":"https:\/\/encuentroinformativo.com.mx\/wp-content\/uploads\/2025\/02\/IMG-20250205-WA0215.jpg","jetpack_sharing_enabled":true,"jetpack_likes_enabled":true,"amp_enabled":true,"_links":{"self":[{"href":"https:\/\/encuentroinformativo.com.mx\/index.php?rest_route=\/wp\/v2\/posts\/63419","targetHints":{"allow":["GET"]}}],"collection":[{"href":"https:\/\/encuentroinformativo.com.mx\/index.php?rest_route=\/wp\/v2\/posts"}],"about":[{"href":"https:\/\/encuentroinformativo.com.mx\/index.php?rest_route=\/wp\/v2\/types\/post"}],"author":[{"embeddable":true,"href":"https:\/\/encuentroinformativo.com.mx\/index.php?rest_route=\/wp\/v2\/users\/2476"}],"replies":[{"embeddable":true,"href":"https:\/\/encuentroinformativo.com.mx\/index.php?rest_route=%2Fwp%2Fv2%2Fcomments&post=63419"}],"version-history":[{"count":1,"href":"https:\/\/encuentroinformativo.com.mx\/index.php?rest_route=\/wp\/v2\/posts\/63419\/revisions"}],"predecessor-version":[{"id":63421,"href":"https:\/\/encuentroinformativo.com.mx\/index.php?rest_route=\/wp\/v2\/posts\/63419\/revisions\/63421"}],"wp:featuredmedia":[{"embeddable":true,"href":"https:\/\/encuentroinformativo.com.mx\/index.php?rest_route=\/wp\/v2\/media\/63420"}],"wp:attachment":[{"href":"https:\/\/encuentroinformativo.com.mx\/index.php?rest_route=%2Fwp%2Fv2%2Fmedia&parent=63419"}],"wp:term":[{"taxonomy":"category","embeddable":true,"href":"https:\/\/encuentroinformativo.com.mx\/index.php?rest_route=%2Fwp%2Fv2%2Fcategories&post=63419"},{"taxonomy":"post_tag","embeddable":true,"href":"https:\/\/encuentroinformativo.com.mx\/index.php?rest_route=%2Fwp%2Fv2%2Ftags&post=63419"}],"curies":[{"name":"wp","href":"https:\/\/api.w.org\/{rel}","templated":true}]}}