{"id":63425,"date":"2025-02-05T17:21:26","date_gmt":"2025-02-05T23:21:26","guid":{"rendered":"https:\/\/encuentroinformativo.com.mx\/?p=63425"},"modified":"2025-02-05T17:21:26","modified_gmt":"2025-02-05T23:21:26","slug":"convoca-congreso-a-participar-en-proceso-electoral-judicial-2024-2025","status":"publish","type":"post","link":"https:\/\/encuentroinformativo.com.mx\/?p=63425","title":{"rendered":"Convoca Congreso a participar en proceso electoral judicial 2024-2025"},"content":{"rendered":"<p style=\"font-weight: 400;\"><strong>* Emite Comit\u00e9 de Evaluaci\u00f3n del Poder Legislativo la convocatoria dirigida a las personas interesadas a participar en la evaluaci\u00f3n y selecci\u00f3n de candidaturas del Proceso Electoral Extraordinario 2024-2025, de los cargos\u00a0 de personas juzgadoras del Poder Judicial.<\/strong><\/p>\n<p style=\"font-weight: 400;\"><span style=\"font-size: 1rem;\">Xalapa, Ver.- En cumplimiento de las disposiciones aprobadas el pasado 20 de enero por el Pleno de la LXVII Legislatura, el Comit\u00e9 de Evaluaci\u00f3n del Poder Legislativo emiti\u00f3 la convocatoria dirigida a las personas interesadas en participar en la evaluaci\u00f3n y selecci\u00f3n de candidaturas del proceso electoral extraordinario 2024-2025 de los cargos de magistradas, magistrados y juezas y jueces del Poder Judicial del Estado de Veracruz.<\/span><\/p>\n<p style=\"font-weight: 400;\"><span style=\"font-size: 1rem;\">El periodo para la recepci\u00f3n de la documentaci\u00f3n de las y los aspirantes comprende del 31 de enero al 7 de febrero, de 09:00 a 18:00 horas, excepto el \u00faltimo d\u00eda en que se extiende hasta las 23:59 horas.<\/span><\/p>\n<p style=\"font-weight: 400;\"><span style=\"font-size: 1rem;\">Las personas interesadas en este proceso pueden consultar el contenido \u00edntegro de la convocatoria en la p\u00e1gina <\/span><a style=\"font-size: 1rem;\" href=\"http:\/\/www.legisver.gob.mx\/\" data-saferedirecturl=\"https:\/\/www.google.com\/url?q=http:\/\/www.legisver.gob.mx&amp;source=gmail&amp;ust=1738883186014000&amp;usg=AOvVaw2OMInQjUpnzZSP4yVDEo-Z\">www.legisver.gob.mx<\/a><span style=\"font-size: 1rem;\">\u00a0donde se encuentran los requisitos, formatos y plazos.<\/span><\/p>\n<p style=\"font-weight: 400;\"><span style=\"font-size: 1rem;\">El Comit\u00e9 de Evaluaci\u00f3n informa que quienes deseen participar pueden enviar la informaci\u00f3n que acredita el cumplimiento de los requisitos establecidos en la convocatoria al correo electr\u00f3nico <\/span><a style=\"font-size: 1rem;\" href=\"mailto:comite.evaluacionlegislativo@gmail.com\">comite.evaluacionlegislativo@gmail.com<\/a><span style=\"font-size: 1rem;\">\u00a0o quien guste asistir presencialmente puede hacerlo en el m\u00f3dulo adjunto a la sala de la Junta de Coordinaci\u00f3n Pol\u00edtica, en el Palacio Legislativo.<\/span><\/p>\n<p style=\"font-weight: 400;\"><span style=\"font-size: 1rem;\">Los cargos a elegir para este proceso corresponden a ocho magistradas y siete magistrados del Tribunal Superior de Justicia, tres magistradas y dos magistrados del Tribunal de Disciplina Judicial, una magistrada o magistrado del Tribunal de Conciliaci\u00f3n y Arbitraje, as\u00ed como 39 juezas y 38 jueces de Primera Instancia.<\/span><\/p>\n<p style=\"font-weight: 400;\"><span style=\"font-size: 1rem;\">El comit\u00e9, integrado por las ciudadanas Tomasa Alem\u00e1n Rogel, Saira A\u00edda Salas del \u00c1ngel y Areli de Jes\u00fas P\u00e9rez Aguilar y por los ciudadanos Sebasti\u00e1n Clemente Morales y Enrique Adolfo Guti\u00e9rrez Cano, coincide en que la nueva realidad del pa\u00eds y del estado requieren de la activa participaci\u00f3n de las ciudadanas y los ciudadanos para la consolidaci\u00f3n de instituciones al servicio de la sociedad, por lo que exhorta a las personas interesadas a registrarse en este proceso democr\u00e1tico y transparente.<\/span><\/p>\n","protected":false},"excerpt":{"rendered":"<p>* Emite Comit\u00e9 de Evaluaci\u00f3n del Poder Legislativo la convocatoria dirigida a las personas interesadas a participar en la evaluaci\u00f3n y selecci\u00f3n de candidaturas del Proceso Electoral Extraordinario 2024-2025, de los cargos\u00a0 de personas juzgadoras del Poder Judicial. Xalapa, Ver.- En cumplimiento de las disposiciones aprobadas el pasado 20 de enero por el Pleno de [&hellip;]<\/p>\n","protected":false},"author":2476,"featured_media":63426,"comment_status":"open","ping_status":"open","sticky":false,"template":"","format":"standard","meta":{"_jetpack_memberships_contains_paid_content":false,"footnotes":""},"categories":[2],"tags":[],"class_list":["post-63425","post","type-post","status-publish","format-standard","has-post-thumbnail","hentry","category-estado"],"jetpack_featured_media_url":"https:\/\/encuentroinformativo.com.mx\/wp-content\/uploads\/2025\/02\/NOV05FEBRERO2025COMITE.jpeg","jetpack_sharing_enabled":true,"jetpack_likes_enabled":true,"amp_enabled":true,"_links":{"self":[{"href":"https:\/\/encuentroinformativo.com.mx\/index.php?rest_route=\/wp\/v2\/posts\/63425","targetHints":{"allow":["GET"]}}],"collection":[{"href":"https:\/\/encuentroinformativo.com.mx\/index.php?rest_route=\/wp\/v2\/posts"}],"about":[{"href":"https:\/\/encuentroinformativo.com.mx\/index.php?rest_route=\/wp\/v2\/types\/post"}],"author":[{"embeddable":true,"href":"https:\/\/encuentroinformativo.com.mx\/index.php?rest_route=\/wp\/v2\/users\/2476"}],"replies":[{"embeddable":true,"href":"https:\/\/encuentroinformativo.com.mx\/index.php?rest_route=%2Fwp%2Fv2%2Fcomments&post=63425"}],"version-history":[{"count":1,"href":"https:\/\/encuentroinformativo.com.mx\/index.php?rest_route=\/wp\/v2\/posts\/63425\/revisions"}],"predecessor-version":[{"id":63427,"href":"https:\/\/encuentroinformativo.com.mx\/index.php?rest_route=\/wp\/v2\/posts\/63425\/revisions\/63427"}],"wp:featuredmedia":[{"embeddable":true,"href":"https:\/\/encuentroinformativo.com.mx\/index.php?rest_route=\/wp\/v2\/media\/63426"}],"wp:attachment":[{"href":"https:\/\/encuentroinformativo.com.mx\/index.php?rest_route=%2Fwp%2Fv2%2Fmedia&parent=63425"}],"wp:term":[{"taxonomy":"category","embeddable":true,"href":"https:\/\/encuentroinformativo.com.mx\/index.php?rest_route=%2Fwp%2Fv2%2Fcategories&post=63425"},{"taxonomy":"post_tag","embeddable":true,"href":"https:\/\/encuentroinformativo.com.mx\/index.php?rest_route=%2Fwp%2Fv2%2Ftags&post=63425"}],"curies":[{"name":"wp","href":"https:\/\/api.w.org\/{rel}","templated":true}]}}