{"id":6344,"date":"2020-09-30T10:55:38","date_gmt":"2020-09-30T15:55:38","guid":{"rendered":"https:\/\/encuentroinformativo.com.mx\/?p=6344"},"modified":"2020-09-30T10:55:41","modified_gmt":"2020-09-30T15:55:41","slug":"armando-xalapa","status":"publish","type":"post","link":"https:\/\/encuentroinformativo.com.mx\/?p=6344","title":{"rendered":"Armando Xalapa"},"content":{"rendered":"\n<p><strong>Los Pol\u00edticos<\/strong><\/p>\n\n\n\n<p><strong>Salvador Mu\u00f1oz<\/strong><\/p>\n\n\n\n<p>Hacer del Problema una Soluci\u00f3n. Para ello, hay que empezar con la coordinaci\u00f3n entre una sociedad y un gobierno desarticulados. Por ejemplo: En Xalapa, el abasto de agua va siendo complicado conforme avanza el tiempo. Las lluvias que anegan calles, avenidas y colonias; que generan da\u00f1os en unidades automotrices, deslaves y hasta inundaciones de casas, tendr\u00edan que convertirse en fuente de abastecimiento a trav\u00e9s de centros de acopio.<\/p>\n\n\n\n<p>La idea tiene que trasladarse a las diversas universidades de la capital para que sus estudiantes de las carreras acordes a la situaci\u00f3n, participen con las autoridades, sean municipal y\/o estatal, y generar el proyecto, darle forma a la idea, y volvemos entonces al principio del comentario anterior: Hacer del problema, una soluci\u00f3n.<\/p>\n\n\n\n<p>Estos conceptos los platica Armando Adriano Fabre, y no, no es parte de lo que sus amigos han llamado \u201cArmando Xalapa\u201d&#8230; es una pl\u00e1tica de dos ciudadanos, \u00e9l, preocupado por la percepci\u00f3n econ\u00f3mica y sanitaria que envuelve a la capital veracruzana; el que escribe, ya ni siquiera pensando en qu\u00e9 va a hacer de aqu\u00ed al cierre de su administraci\u00f3n el alcalde, sino esperando que quienes sean postulados, vean en la misma dimensi\u00f3n en que uno ve a Xalapa: \u00a1a lo grande!<\/p>\n\n\n\n<p>Ser\u00edamos omisos y necios decir que el edil Rodr\u00edguez Herrero no ha hecho nada en lo que va de su administraci\u00f3n\u2026 s\u00ed ha hecho\u2026 ha hecho lo que le compete: calles, drenaje, agua potable, quiz\u00e1s iluminaci\u00f3n, a medias las \u00e1reas verdes al grado de que el Gobernador tuvo que agarrar su machete y entrarle al chapeo&#8230; pero que haya hecho algo extraordinario, fuera de serie, que brinde en el xalape\u00f1o ese aire de identidad, orgullo y presunci\u00f3n (\u00bfpor qu\u00e9 no?), nom\u00e1s no\u2026<\/p>\n\n\n\n<p>Mas volviendo a la idea del Notario Armando Adriano Fabre, insiste en que hay una total desarticulaci\u00f3n entre la sociedad con las autoridades\u2026 algo as\u00ed como si un matrimonio viviera una crisis, donde es necesario resarcir ese tejido conyugal\u2026 y para \u201ccomponer\u201d esa relaci\u00f3n, es necesario hablar y m\u00e1s importante, escuchar; llegar a acuerdos que beneficien a ambas partes\u2026<\/p>\n\n\n\n<p>Un dato interesante que comenta Adriano Fabre es que los problemas de Xalapa ya no son particulares, como tampoco lo son los de un Emiliano Zapata, Banderilla, San Andr\u00e9s Tlalnelhuayocan, Coatepec\u2026 nuestra zona conurbada es una sola entidad que si a uno de los municipios afecta contaminaci\u00f3n, inseguridad, desempleo, o una crisis pand\u00e9mica como la que hoy se vive, igual repercute en la capital del Estado. Entonces, de qu\u00e9 se trata: de articularse, coordinarse, unir esfuerzos, en funci\u00f3n de un beneficio com\u00fan\u2026 \u00a1vamos! Una buena vecindad donde no debe importar si uno es azul, moreno, tricolor, o del color que quiera, sea hombre, mujer, chico o grande\u2026 la intenci\u00f3n primaria debe ser el beneficio com\u00fan.<\/p>\n\n\n\n<p>Claro que para ello, nos platica Armando Adriano Fabre, es necesario un elemento esencial que igual repercute en el ser humano, en la persona, como en la instituci\u00f3n: el incentivo. Incentivar al estudiante para generar proyectos, ideas, e impulsarlos; incentivar al empresario para invertir, que genere empleos, asiente sus ideas y repercutan en el municipio; incentivar a la sociedad\u2026 \u00bfc\u00f3mo? el ejemplo lo pone C\u00f3rdoba, con un programa de Empleo Temporal; el ejemplo lo puso en su momento Orizaba y la basura, donde a los ciudadanos que entregaban en dep\u00f3sitos cart\u00f3n, vidrio o pl\u00e1sticos, se le daban vales canjeables a fin de a\u00f1o\u2026 es decir, todos somos propensos a recibir un est\u00edmulo que nos acerque a generar un cambio en nuestro entorno, en nuestra colonia, en nuestra sociedad\u2026 en Xalapa.<\/p>\n\n\n\n<p>Ah\u00ed est\u00e1 la pl\u00e1tica de Adriano Fabre\u2026 claro, sus ideas ya no las veo para esta administraci\u00f3n, sino para la siguiente, para irlas afinando, para irlas detallando, o como dijeran sus amigos\u2026 para ir Armando Xalapa\u2026 o cualquier otro municipio.<\/p>\n\n\n\n<p><a href=\"mailto:smcainito@gmail.com\" target=\"_blank\" rel=\"noreferrer noopener\">smcainito@gmail.com<\/a>&nbsp;<\/p>\n","protected":false},"excerpt":{"rendered":"<p>Los Pol\u00edticos Salvador Mu\u00f1oz Hacer del Problema una Soluci\u00f3n. Para ello, hay que empezar con la coordinaci\u00f3n entre una sociedad y un gobierno desarticulados. Por ejemplo: En Xalapa, el abasto de agua va siendo complicado conforme avanza el tiempo. Las lluvias que anegan calles, avenidas y colonias; que generan da\u00f1os en unidades automotrices, deslaves y [&hellip;]<\/p>\n","protected":false},"author":1,"featured_media":387,"comment_status":"open","ping_status":"open","sticky":false,"template":"","format":"standard","meta":{"_jetpack_memberships_contains_paid_content":false,"footnotes":""},"categories":[11],"tags":[],"class_list":["post-6344","post","type-post","status-publish","format-standard","has-post-thumbnail","hentry","category-opinion"],"jetpack_featured_media_url":"https:\/\/encuentroinformativo.com.mx\/wp-content\/uploads\/2020\/03\/7CF8A22B-2764-47BE-8F7F-38FE9E5D6A2F.jpeg","jetpack_sharing_enabled":true,"jetpack_likes_enabled":true,"amp_enabled":true,"_links":{"self":[{"href":"https:\/\/encuentroinformativo.com.mx\/index.php?rest_route=\/wp\/v2\/posts\/6344","targetHints":{"allow":["GET"]}}],"collection":[{"href":"https:\/\/encuentroinformativo.com.mx\/index.php?rest_route=\/wp\/v2\/posts"}],"about":[{"href":"https:\/\/encuentroinformativo.com.mx\/index.php?rest_route=\/wp\/v2\/types\/post"}],"author":[{"embeddable":true,"href":"https:\/\/encuentroinformativo.com.mx\/index.php?rest_route=\/wp\/v2\/users\/1"}],"replies":[{"embeddable":true,"href":"https:\/\/encuentroinformativo.com.mx\/index.php?rest_route=%2Fwp%2Fv2%2Fcomments&post=6344"}],"version-history":[{"count":1,"href":"https:\/\/encuentroinformativo.com.mx\/index.php?rest_route=\/wp\/v2\/posts\/6344\/revisions"}],"predecessor-version":[{"id":6345,"href":"https:\/\/encuentroinformativo.com.mx\/index.php?rest_route=\/wp\/v2\/posts\/6344\/revisions\/6345"}],"wp:featuredmedia":[{"embeddable":true,"href":"https:\/\/encuentroinformativo.com.mx\/index.php?rest_route=\/wp\/v2\/media\/387"}],"wp:attachment":[{"href":"https:\/\/encuentroinformativo.com.mx\/index.php?rest_route=%2Fwp%2Fv2%2Fmedia&parent=6344"}],"wp:term":[{"taxonomy":"category","embeddable":true,"href":"https:\/\/encuentroinformativo.com.mx\/index.php?rest_route=%2Fwp%2Fv2%2Fcategories&post=6344"},{"taxonomy":"post_tag","embeddable":true,"href":"https:\/\/encuentroinformativo.com.mx\/index.php?rest_route=%2Fwp%2Fv2%2Ftags&post=6344"}],"curies":[{"name":"wp","href":"https:\/\/api.w.org\/{rel}","templated":true}]}}