{"id":63444,"date":"2025-02-06T14:19:44","date_gmt":"2025-02-06T20:19:44","guid":{"rendered":"https:\/\/encuentroinformativo.com.mx\/?p=63444"},"modified":"2025-02-06T14:19:44","modified_gmt":"2025-02-06T20:19:44","slug":"ocupa-veracruz-cuarto-lugar-en-expulsion-de-mano-de-obra","status":"publish","type":"post","link":"https:\/\/encuentroinformativo.com.mx\/?p=63444","title":{"rendered":"Ocupa Veracruz cuarto lugar en expulsi\u00f3n de mano de obra"},"content":{"rendered":"<p><strong><span style=\"font-size: 1rem;\">Dar\u00edo Pale<\/span><\/strong><\/p>\n<p>Xalapa, Ver.- El investigador del Instituto de Investigaciones Econ\u00f3micas de la Universidad Veracruzana, Rafael Vela dio a conocer que Veracruz, es el 4\u00ba lugar nacional por la expulsi\u00f3n de mano de obra a EU.<\/p>\n<p>En conferencia de prensa se\u00f1al\u00f3 que los estudiantes de la UV lo que buscan son oportunidades en la Uni\u00f3n Americana.<\/p>\n<p>Indic\u00f3 que Veracruz se ubica en el cuarto lugar a nivel nacional por la expulsi\u00f3n de mano de obra hacia la Uni\u00f3n Americana, dijo que hay al menos 800 mil veracruzanos en la vecina naci\u00f3n.<\/p>\n<p>En ese sentido, se\u00f1al\u00f3 que la gobernadora Roc\u00edo Nahle Garc\u00eda plante\u00f3 una estrategia pertinente para reactivar el sector agr\u00edcola y dar espacios a los veracruzanos que muy seguramente ser\u00e1n deportados.<\/p>\n<p>&#8220;Porque caer\u00e1n significativamente las remesas, no s\u00f3lo en el \u00e1rea rural, sino tambi\u00e9n en el \u00e1rea urbana\u201d, coment\u00f3.<\/p>\n<p>\u201cEn el caso del \u00e1rea rural puede impactar en la autosuficiencia alimentaria porque la gente en los municipios con alto componente ind\u00edgena, est\u00e1 muy vinculada culturalmente con la tierra&#8221;, agreg\u00f3.<\/p>\n<p>Dijo que en los \u00faltimos a\u00f1os los egresados de la Universidad Veracruzana son los que han buscado emigrar a los estados del norte del pa\u00eds y luego hacia Estados Unidos para buscar mejores oportunidades de empleo.<\/p>\n<p>Sin embargo, con las medidas impuestas por el gobierno del presidente Donald Trump, las remesas se ver\u00e1n afectadas de manera considerable, sostuvo.<\/p>\n<p>El acad\u00e9mico puntualiz\u00f3 que ese impacto se podr\u00eda ver en municipios como Chicontepec, Ixhuatl\u00e1n de Madero, Benito Ju\u00e1rez, Zacualpan, la sierra de Soteapan, sierra de Zongolica, Tatahuicapan, entre otros.<\/p>\n<p>Con base en investigaciones de campo, expuso que los recursos econ\u00f3micos que se env\u00edan de los Estados Unidos, la familia los invierte en los cultivos.<\/p>\n<p>Finalmente se\u00f1al\u00f3 que, &#8220;con las remesas se ha estado subsidiando en los \u00faltimos a\u00f1os la alimentaci\u00f3n de los veracruzanos, porque es en est\u00e1s zonas rurales, en muchos de los casos ind\u00edgenas, quienes cultivan los productos&#8221;.<\/p>\n","protected":false},"excerpt":{"rendered":"<p>Dar\u00edo Pale Xalapa, Ver.- El investigador del Instituto de Investigaciones Econ\u00f3micas de la Universidad Veracruzana, Rafael Vela dio a conocer que Veracruz, es el 4\u00ba lugar nacional por la expulsi\u00f3n de mano de obra a EU. En conferencia de prensa se\u00f1al\u00f3 que los estudiantes de la UV lo que buscan son oportunidades en la Uni\u00f3n [&hellip;]<\/p>\n","protected":false},"author":2476,"featured_media":63445,"comment_status":"open","ping_status":"open","sticky":false,"template":"","format":"standard","meta":{"_jetpack_memberships_contains_paid_content":false,"footnotes":""},"categories":[2],"tags":[],"class_list":["post-63444","post","type-post","status-publish","format-standard","has-post-thumbnail","hentry","category-estado"],"jetpack_featured_media_url":"https:\/\/encuentroinformativo.com.mx\/wp-content\/uploads\/2025\/02\/IMG-20250206-WA0133.jpg","jetpack_sharing_enabled":true,"jetpack_likes_enabled":true,"amp_enabled":true,"_links":{"self":[{"href":"https:\/\/encuentroinformativo.com.mx\/index.php?rest_route=\/wp\/v2\/posts\/63444","targetHints":{"allow":["GET"]}}],"collection":[{"href":"https:\/\/encuentroinformativo.com.mx\/index.php?rest_route=\/wp\/v2\/posts"}],"about":[{"href":"https:\/\/encuentroinformativo.com.mx\/index.php?rest_route=\/wp\/v2\/types\/post"}],"author":[{"embeddable":true,"href":"https:\/\/encuentroinformativo.com.mx\/index.php?rest_route=\/wp\/v2\/users\/2476"}],"replies":[{"embeddable":true,"href":"https:\/\/encuentroinformativo.com.mx\/index.php?rest_route=%2Fwp%2Fv2%2Fcomments&post=63444"}],"version-history":[{"count":1,"href":"https:\/\/encuentroinformativo.com.mx\/index.php?rest_route=\/wp\/v2\/posts\/63444\/revisions"}],"predecessor-version":[{"id":63446,"href":"https:\/\/encuentroinformativo.com.mx\/index.php?rest_route=\/wp\/v2\/posts\/63444\/revisions\/63446"}],"wp:featuredmedia":[{"embeddable":true,"href":"https:\/\/encuentroinformativo.com.mx\/index.php?rest_route=\/wp\/v2\/media\/63445"}],"wp:attachment":[{"href":"https:\/\/encuentroinformativo.com.mx\/index.php?rest_route=%2Fwp%2Fv2%2Fmedia&parent=63444"}],"wp:term":[{"taxonomy":"category","embeddable":true,"href":"https:\/\/encuentroinformativo.com.mx\/index.php?rest_route=%2Fwp%2Fv2%2Fcategories&post=63444"},{"taxonomy":"post_tag","embeddable":true,"href":"https:\/\/encuentroinformativo.com.mx\/index.php?rest_route=%2Fwp%2Fv2%2Ftags&post=63444"}],"curies":[{"name":"wp","href":"https:\/\/api.w.org\/{rel}","templated":true}]}}