{"id":6346,"date":"2020-09-30T11:03:14","date_gmt":"2020-09-30T16:03:14","guid":{"rendered":"https:\/\/encuentroinformativo.com.mx\/?p=6346"},"modified":"2020-09-30T11:03:17","modified_gmt":"2020-09-30T16:03:17","slug":"preparan-primer-foro-jovenes-con-sindrome-de-down","status":"publish","type":"post","link":"https:\/\/encuentroinformativo.com.mx\/?p=6346","title":{"rendered":"Preparan primer Foro J\u00f3venes con S\u00edndrome de Down"},"content":{"rendered":"\n<p><strong>Dar\u00edo Pale <\/strong><\/p>\n\n\n\n<p>Xalapa, Ver.- El Instituto Down de Xalapa en coordinaci\u00f3n con la agrupaci\u00f3n de L\u00edderes del Siglo XXI se encuentran preparando el Primer Foro Estatal de J\u00f3venes con S\u00edndrome de Down, esto con la finalidad de brindar a la sociedad mayor informaci\u00f3n en torno al S\u00edndrome.<\/p>\n\n\n\n<p>En conferencia de prensa realizada en conocido caf\u00e9 del centro de Xalapa, la coordinadora acad\u00e9mica del Instituto Down, Italia N\u00fa\u00f1ez Huerta se\u00f1al\u00f3 que se espera que este evento pueda contar con la participaci\u00f3n de docentes, familias y dem\u00e1s personas que puedan compartir sus experiencias al convivir con personas que tienen esta condici\u00f3n y as\u00ed mostrar a la sociedad en general que este s\u00edndrome no es una limitante.<\/p>\n\n\n\n<p>&#8220;Este foro va a estar dirigido a estudiantes de carreras de educaci\u00f3n especial, docentes que tienen alumnos con esta condici\u00f3n de vida y a la sociedad para que conozcan m\u00e1s sobre el trastorno, vamos a escuchar casos de familias que han tenido \u00e9xito con sus familiares y estamos invitando a las asociaciones para que se sumen a este evento para ir generando alianzas&#8221;, coment\u00f3.<\/p>\n\n\n\n<p>N\u00fa\u00f1ez Huerta se\u00f1al\u00f3 que la fecha tentativa para este foro ser\u00eda en la primer semana del mes de diciembre, sin embargo a\u00fan contin\u00faan a la espera de que las autoridades puedan dar luz verde a la realizaci\u00f3n de este tipo de eventos.<\/p>\n\n\n\n<p>Finalmente, reiter\u00f3 la importancia de que la sociedad y en particular los j\u00f3venes puedan conocer m\u00e1s acerca del S\u00edndrome de Down y as\u00ed erradicar con los mitos y prejuicios que existen en torno a quienes presentan esta condici\u00f3n.<\/p>\n","protected":false},"excerpt":{"rendered":"<p>Dar\u00edo Pale Xalapa, Ver.- El Instituto Down de Xalapa en coordinaci\u00f3n con la agrupaci\u00f3n de L\u00edderes del Siglo XXI se encuentran preparando el Primer Foro Estatal de J\u00f3venes con S\u00edndrome de Down, esto con la finalidad de brindar a la sociedad mayor informaci\u00f3n en torno al S\u00edndrome. En conferencia de prensa realizada en conocido caf\u00e9 [&hellip;]<\/p>\n","protected":false},"author":1,"featured_media":6347,"comment_status":"open","ping_status":"open","sticky":false,"template":"","format":"standard","meta":{"_jetpack_memberships_contains_paid_content":false,"footnotes":""},"categories":[3],"tags":[],"class_list":["post-6346","post","type-post","status-publish","format-standard","has-post-thumbnail","hentry","category-xalapa"],"jetpack_featured_media_url":"https:\/\/encuentroinformativo.com.mx\/wp-content\/uploads\/2020\/09\/CCD74B4E-059C-452C-B187-28AB1598DFB5.jpeg","jetpack_sharing_enabled":true,"jetpack_likes_enabled":true,"amp_enabled":true,"_links":{"self":[{"href":"https:\/\/encuentroinformativo.com.mx\/index.php?rest_route=\/wp\/v2\/posts\/6346","targetHints":{"allow":["GET"]}}],"collection":[{"href":"https:\/\/encuentroinformativo.com.mx\/index.php?rest_route=\/wp\/v2\/posts"}],"about":[{"href":"https:\/\/encuentroinformativo.com.mx\/index.php?rest_route=\/wp\/v2\/types\/post"}],"author":[{"embeddable":true,"href":"https:\/\/encuentroinformativo.com.mx\/index.php?rest_route=\/wp\/v2\/users\/1"}],"replies":[{"embeddable":true,"href":"https:\/\/encuentroinformativo.com.mx\/index.php?rest_route=%2Fwp%2Fv2%2Fcomments&post=6346"}],"version-history":[{"count":1,"href":"https:\/\/encuentroinformativo.com.mx\/index.php?rest_route=\/wp\/v2\/posts\/6346\/revisions"}],"predecessor-version":[{"id":6348,"href":"https:\/\/encuentroinformativo.com.mx\/index.php?rest_route=\/wp\/v2\/posts\/6346\/revisions\/6348"}],"wp:featuredmedia":[{"embeddable":true,"href":"https:\/\/encuentroinformativo.com.mx\/index.php?rest_route=\/wp\/v2\/media\/6347"}],"wp:attachment":[{"href":"https:\/\/encuentroinformativo.com.mx\/index.php?rest_route=%2Fwp%2Fv2%2Fmedia&parent=6346"}],"wp:term":[{"taxonomy":"category","embeddable":true,"href":"https:\/\/encuentroinformativo.com.mx\/index.php?rest_route=%2Fwp%2Fv2%2Fcategories&post=6346"},{"taxonomy":"post_tag","embeddable":true,"href":"https:\/\/encuentroinformativo.com.mx\/index.php?rest_route=%2Fwp%2Fv2%2Ftags&post=6346"}],"curies":[{"name":"wp","href":"https:\/\/api.w.org\/{rel}","templated":true}]}}